{"id":488735,"date":"2025-12-12T00:00:00","date_gmt":"2025-12-12T06:00:00","guid":{"rendered":"https:\/\/diarioavancetabasco.com\/?p=488735"},"modified":"2025-12-11T20:56:37","modified_gmt":"2025-12-12T02:56:37","slug":"fortalecen-apoyo-humanitario","status":"publish","type":"post","link":"https:\/\/diarioavancetabasco.com\/?p=488735","title":{"rendered":"Fortalecen apoyo humanitario\u00a0"},"content":{"rendered":"\n<p style=\"font-size:19px\"><strong>Redacci\u00f3n\/Avance<\/strong><\/p>\n\n\n\n<p>Por instrucciones del gobernador Javier May Rodr\u00edguez, el Gobierno del Estado de Tabasco ampli\u00f3 las acciones de apoyo humanitario a la poblaci\u00f3n afectada por el Frente Fr\u00edo No. 19.\u00a0<\/p>\n\n\n\n<p>A trav\u00e9s del Instituto de Protecci\u00f3n Civil del Estado de Tabasco (IPCET) y en coordinaci\u00f3n con la Secretar\u00eda de la Defensa Nacional (Sedena) y la Guardia Nacional (GN), se llev\u00f3 a cabo la entrega de despensas y agua potable en diversas comunidades.<\/p>\n\n\n\n<p>Las brigadas recorrieron, en coordinaci\u00f3n con las Unidades Municipales de Protecci\u00f3n Civil y resguardados por elementos de la Secretar\u00eda de Seguridad y Protecci\u00f3n Ciudadana (SSyPC), las comunidades de Teapa, Tacotalpa, Macuspana y Jalapa, donde se reportaron afectaciones.&nbsp;<\/p>\n\n\n\n<p>En la mayor\u00eda de las colonias, el ingreso de agua se ha limitado a patios y \u00e1reas exteriores, sin da\u00f1os mayores al interior de las viviendas.&nbsp;<\/p>\n\n\n\n<p>No obstante, las autoridades mantienen vigilancia permanente para evitar riesgos y garantizar la atenci\u00f3n oportuna a las familias.<\/p>\n\n\n\n<p>El operativo de asistencia forma parte del despliegue preventivo que el gobierno estatal mantiene ante la temporada invernal, reforzando la coordinaci\u00f3n con las instancias federales para salvaguardar el bienestar de la poblaci\u00f3n tabasque\u00f1a.<\/p>\n","protected":false},"excerpt":{"rendered":"<p>Redacci\u00f3n\/Avance Por instrucciones del gobernador Javier May Rodr\u00edguez, el Gobierno del Estado de Tabasco ampli\u00f3 las acciones de apoyo humanitario a la poblaci\u00f3n afectada por el Frente Fr\u00edo No. 19.\u00a0 A trav\u00e9s del Instituto de Protecci\u00f3n Civil del Estado de Tabasco (IPCET) y en coordinaci\u00f3n con la Secretar\u00eda de la Defensa Nacional (Sedena) y la [&hellip;]<\/p>\n","protected":false},"author":2,"featured_media":488736,"comment_status":"closed","ping_status":"closed","sticky":false,"template":"","format":"standard","meta":{"footnotes":""},"categories":[57],"tags":[],"class_list":["post-488735","post","type-post","status-publish","format-standard","has-post-thumbnail","hentry","category-local"],"_links":{"self":[{"href":"https:\/\/diarioavancetabasco.com\/index.php?rest_route=\/wp\/v2\/posts\/488735","targetHints":{"allow":["GET"]}}],"collection":[{"href":"https:\/\/diarioavancetabasco.com\/index.php?rest_route=\/wp\/v2\/posts"}],"about":[{"href":"https:\/\/diarioavancetabasco.com\/index.php?rest_route=\/wp\/v2\/types\/post"}],"author":[{"embeddable":true,"href":"https:\/\/diarioavancetabasco.com\/index.php?rest_route=\/wp\/v2\/users\/2"}],"replies":[{"embeddable":true,"href":"https:\/\/diarioavancetabasco.com\/index.php?rest_route=%2Fwp%2Fv2%2Fcomments&post=488735"}],"version-history":[{"count":1,"href":"https:\/\/diarioavancetabasco.com\/index.php?rest_route=\/wp\/v2\/posts\/488735\/revisions"}],"predecessor-version":[{"id":488737,"href":"https:\/\/diarioavancetabasco.com\/index.php?rest_route=\/wp\/v2\/posts\/488735\/revisions\/488737"}],"wp:featuredmedia":[{"embeddable":true,"href":"https:\/\/diarioavancetabasco.com\/index.php?rest_route=\/wp\/v2\/media\/488736"}],"wp:attachment":[{"href":"https:\/\/diarioavancetabasco.com\/index.php?rest_route=%2Fwp%2Fv2%2Fmedia&parent=488735"}],"wp:term":[{"taxonomy":"category","embeddable":true,"href":"https:\/\/diarioavancetabasco.com\/index.php?rest_route=%2Fwp%2Fv2%2Fcategories&post=488735"},{"taxonomy":"post_tag","embeddable":true,"href":"https:\/\/diarioavancetabasco.com\/index.php?rest_route=%2Fwp%2Fv2%2Ftags&post=488735"}],"curies":[{"name":"wp","href":"https:\/\/api.w.org\/{rel}","templated":true}]}}