{"id":488796,"date":"2025-12-12T10:45:21","date_gmt":"2025-12-12T16:45:21","guid":{"rendered":"https:\/\/diarioavancetabasco.com\/?p=488796"},"modified":"2025-12-12T10:45:21","modified_gmt":"2025-12-12T16:45:21","slug":"papa-leon-xiv-pide-a-la-virgen-de-guadalupe-alejar-a-jovenes-del-crimen-y-las-adicciones","status":"publish","type":"post","link":"https:\/\/diarioavancetabasco.com\/?p=488796","title":{"rendered":"Papa Le\u00f3n XIV pide a la Virgen de Guadalupe alejar a j\u00f3venes del crimen y las adicciones"},"content":{"rendered":"\n<p><strong>Agencia\/Ciudad del Vaticano<\/strong><\/p>\n\n\n\n<p>El papa Le\u00f3n XIV pidi\u00f3 a la Virgen de Guadalupe que proteja a los j\u00f3venes \u00abde las amenazas del crimen, las adicciones y el peligro de una vida sin sentido\u00bb, durante la tradicional misa celebrada en la Bas\u00edlica de San Pedro en honor de la patrona de M\u00e9xico y de las Am\u00e9ricas.<\/p>\n\n\n\n<p>\u00abAcompa\u00f1a, Madre, a los m\u00e1s j\u00f3venes para que obtengan de Cristo la fuerza para elegir el bien y el valor para mantenerse firmes en la fe, aunque el mundo los empuje en otra direcci\u00f3n. (&#8230;) Aparta de ellos las amenazas del crimen, de las adicciones y del peligro de una vida sin sentido\u00bb, dijo el pont\u00edfice en su homil\u00eda, pronunciada en espa\u00f1ol.<\/p>\n\n\n\n<p>Este fue el primer 12 de diciembre en que Le\u00f3n XIV presidi\u00f3 esta misa en honor a la Virgen de Guadalupe en la bas\u00edlica de San Pedro que incluy\u00f3 lecturas y c\u00e1nticos de la celebraci\u00f3n en espa\u00f1ol, ingl\u00e9s y portugu\u00e9s.<\/p>\n\n\n\n<p>Pide \u00abno dividir el mundo en bandos irreconciliables\u00bb<\/p>\n\n\n\n<p>\u00abMadre, ense\u00f1a a las naciones que quieren ser hijas tuyas a no dividir el mundo en bandos irreconciliables, a no permitir que el odio marque su historia ni que la mentira escriba su memoria. Mu\u00e9strales que la autoridad ha de ser ejercida como servicio y no como dominio\u00bb, inst\u00f3 el papa.<\/p>\n\n\n\n<p>Y a\u00f1adi\u00f3: \u00abInstruye a sus gobernantes en su deber de custodiar la dignidad de cada persona en todas las fases de su vida. Haz de esos pueblos, hijos tuyos, lugares donde cada persona pueda sentirse bienvenida\u00bb.<\/p>\n\n\n\n<p>Le\u00f3n XIV subray\u00f3 el papel de la Virgen de Guadalupe como portadora de consuelo en el continente: \u00abAs\u00ed ocurre en Guadalupe. En el Tepeyac, ella despierta en los habitantes de Am\u00e9rica la alegr\u00eda de saberse amados por Dios\u00bb.<\/p>\n\n\n\n<p>Desde que fue elegido pont\u00edfice, el papa de nacionalidad estadounidense y peruana ha expresado en varias ocasiones su deseo de visitar Am\u00e9rica Latina, tras haber pasado m\u00e1s Hace un mes, preguntado por los periodistas a su salida de su residencia en Castel Gandolfo, cerca de Roma, el pont\u00edfice estadounidense explic\u00f3 que el a\u00f1o que viene ir\u00e1 programando poco a poco los viajes y exclam\u00f3 que \u00abpor supuesto\u00bb le gustar\u00eda volver a Am\u00e9rica Latina.<\/p>\n\n\n\n<p>\u00abYo encantado de viajar\u00bb, dijo, para agregar que le gustar\u00eda visitar F\u00e1tima y Guadalupe en M\u00e9xico, mientras que desvel\u00f3 que Uruguay y Argentina tambi\u00e9n est\u00e1n \u00abpendientes\u00bb y que Per\u00fa \u00abpor supuesto\u00bb.<\/p>\n","protected":false},"excerpt":{"rendered":"<p>Agencia\/Ciudad del Vaticano El papa Le\u00f3n XIV pidi\u00f3 a la Virgen de Guadalupe que proteja a los j\u00f3venes \u00abde las amenazas del crimen, las adicciones y el peligro de una vida sin sentido\u00bb, durante la tradicional misa celebrada en la Bas\u00edlica de San Pedro en honor de la patrona de M\u00e9xico y de las Am\u00e9ricas. [&hellip;]<\/p>\n","protected":false},"author":2,"featured_media":488797,"comment_status":"closed","ping_status":"closed","sticky":false,"template":"","format":"standard","meta":{"footnotes":""},"categories":[63],"tags":[],"class_list":["post-488796","post","type-post","status-publish","format-standard","has-post-thumbnail","hentry","category-el-mundo"],"_links":{"self":[{"href":"https:\/\/diarioavancetabasco.com\/index.php?rest_route=\/wp\/v2\/posts\/488796","targetHints":{"allow":["GET"]}}],"collection":[{"href":"https:\/\/diarioavancetabasco.com\/index.php?rest_route=\/wp\/v2\/posts"}],"about":[{"href":"https:\/\/diarioavancetabasco.com\/index.php?rest_route=\/wp\/v2\/types\/post"}],"author":[{"embeddable":true,"href":"https:\/\/diarioavancetabasco.com\/index.php?rest_route=\/wp\/v2\/users\/2"}],"replies":[{"embeddable":true,"href":"https:\/\/diarioavancetabasco.com\/index.php?rest_route=%2Fwp%2Fv2%2Fcomments&post=488796"}],"version-history":[{"count":1,"href":"https:\/\/diarioavancetabasco.com\/index.php?rest_route=\/wp\/v2\/posts\/488796\/revisions"}],"predecessor-version":[{"id":488798,"href":"https:\/\/diarioavancetabasco.com\/index.php?rest_route=\/wp\/v2\/posts\/488796\/revisions\/488798"}],"wp:featuredmedia":[{"embeddable":true,"href":"https:\/\/diarioavancetabasco.com\/index.php?rest_route=\/wp\/v2\/media\/488797"}],"wp:attachment":[{"href":"https:\/\/diarioavancetabasco.com\/index.php?rest_route=%2Fwp%2Fv2%2Fmedia&parent=488796"}],"wp:term":[{"taxonomy":"category","embeddable":true,"href":"https:\/\/diarioavancetabasco.com\/index.php?rest_route=%2Fwp%2Fv2%2Fcategories&post=488796"},{"taxonomy":"post_tag","embeddable":true,"href":"https:\/\/diarioavancetabasco.com\/index.php?rest_route=%2Fwp%2Fv2%2Ftags&post=488796"}],"curies":[{"name":"wp","href":"https:\/\/api.w.org\/{rel}","templated":true}]}}