{"id":488832,"date":"2025-12-13T00:25:00","date_gmt":"2025-12-13T06:25:00","guid":{"rendered":"https:\/\/diarioavancetabasco.com\/?p=488832"},"modified":"2025-12-12T17:03:33","modified_gmt":"2025-12-12T23:03:33","slug":"affinity-la-suite-creativa-que-desafio-a-adobe-y-renacio-bajo-canva","status":"publish","type":"post","link":"https:\/\/diarioavancetabasco.com\/?p=488832","title":{"rendered":"Affinity, la suite creativa que desafi\u00f3 a Adobe y renaci\u00f3 bajo Canva"},"content":{"rendered":"\n<p style=\"font-size:20px\"><strong>Por David Morales\/Avance<\/strong><\/p>\n\n\n\n<p>Affinity se convirti\u00f3 en uno de los movimientos m\u00e1s disruptivos dentro del dise\u00f1o digital moderno. Su historia comenz\u00f3 mucho antes de que su nombre apareciera en los escritorios de dise\u00f1adores y fot\u00f3grafos. Todo se remonta a 1987, a\u00f1o en que se fund\u00f3 Serif Europe, una compa\u00f1\u00eda brit\u00e1nica que por d\u00e9cadas desarroll\u00f3 software de dise\u00f1o para Windows seg\u00fan detalla BusinessWire en su perfil corporativo. Aquellos primeros programas, como DrawPlus y PhotoPlus, sirvieron de base t\u00e9cnica para lo que vendr\u00eda despu\u00e9s una suite que buscaba competir con herramientas profesionales sin depender de un modelo de suscripci\u00f3n.<br>El salto lleg\u00f3 en 2014. Ese a\u00f1o apareci\u00f3 Affinity Designer, identificado por la comunidad de desarrolladores como la primera alternativa real a Adobe Illustrator. La plataforma de documentaci\u00f3n colaborativa Affinity Fandom recuerda que el programa debut\u00f3 en octubre y que desde el inicio implement\u00f3 motores de renderizado en tiempo real, algo poco com\u00fan entonces. En 2015 se integr\u00f3 Affinity Photo, tambi\u00e9n rese\u00f1ado en Affinity Fandom, que ampli\u00f3 el ecosistema con herramientas de edici\u00f3n profesional para imagen rasterizada. Cuatro a\u00f1os despu\u00e9s, en 2019, Serif complet\u00f3 la triada al presentar Affinity Publisher, una herramienta para maquetaci\u00f3n editorial que, seg\u00fan la misma fuente, buscaba competir directamente con Adobe InDesign.<br>El crecimiento se reflej\u00f3 en premios y cifras. Affinity acumul\u00f3 reconocimientos de Apple al ser nombrado aplicaci\u00f3n del a\u00f1o en Mac y iPad, adem\u00e1s de recibir el Apple Design Award. La agencia alemana que administra la entrada de Wikipedia en alem\u00e1n sobre Affinity Designer registr\u00f3 que el uso de la suite super\u00f3 los tres millones de usuarios profesionales hacia 2023, un indicador que confirm\u00f3 su adopci\u00f3n global. El modelo de pago \u00fanico se convirti\u00f3 en uno de sus principales atractivos, sobre todo en un mercado dominado por Adobe Creative Cloud y sus suscripciones mensuales.<br>La siguiente etapa lleg\u00f3 en 2024. El 26 de marzo de ese a\u00f1o, Canva adquiri\u00f3 Serif y toda la familia Affinity, operaci\u00f3n confirmada por documentos corporativos difundidos por BusinessWire y por la ficha de adquisici\u00f3n que MacRumors mantiene en su archivo de informaci\u00f3n tecnol\u00f3gica. El movimiento buscaba abrir una v\u00eda hacia el mercado profesional que Canva pretend\u00eda conquistar tras crecer como plataforma de dise\u00f1o accesible para usuarios no especializados. Canva, fundada en 2013, absorbi\u00f3 as\u00ed m\u00e1s de tres d\u00e9cadas de desarrollo acumulado en Affinity.<br>La transformaci\u00f3n definitiva ocurri\u00f3 en octubre de 2025. La edici\u00f3n en portugu\u00e9s de Wikipedia sobre Affinity reporta que Canva reorganiz\u00f3 las tres aplicaciones en una suite unificada llamada simplemente Affinity, una plataforma que fusiona el trabajo vectorial, la edici\u00f3n por p\u00edxeles y la maquetaci\u00f3n editorial en una sola interfaz. Con esta decisi\u00f3n, dej\u00f3 atr\u00e1s el modelo de aplicaciones independientes para convertir la suite en un \u00fanico sistema de trabajo con un formato de archivo universal. Tambi\u00e9n modific\u00f3 su esquema econ\u00f3mico al establecer un acceso general gratuito, con funciones avanzadas reservadas para quienes cuentan con una suscripci\u00f3n de Canva Pro.<br>La reorganizaci\u00f3n incluy\u00f3 un v\u00ednculo directo con el ecosistema de Canva. El an\u00e1lisis t\u00e9cnico de Dataconomy, sitio especializado en documentaci\u00f3n sobre software, explica que la nueva versi\u00f3n permite exportar proyectos a una cuenta de Canva y mantiene compatibilidad con formatos profesionales como PSD, AI, PDF y SVG. As\u00ed se mantuvo el esp\u00edritu original de la suite que desde 2014 busc\u00f3 competir con est\u00e1ndares de la industria asegurando independencia del modelo de suscripci\u00f3n.<br>Affinity lleg\u00f3 a 2025 con la promesa de convertirse en una herramienta profesional accesible en un mercado dominado por corporaciones que exigen pagos permanentes. Su historia muestra una evoluci\u00f3n que mezcla innovaci\u00f3n t\u00e9cnica, cambios estrat\u00e9gicos y una comunidad que encontr\u00f3 en Serif una alternativa s\u00f3lida. Despu\u00e9s de la compra por Canva, la suite atraviesa una nueva etapa que puede marcar el futuro del software creativo, con tecnolog\u00edas de inteligencia artificial integradas y un acceso m\u00e1s amplio para quienes dise\u00f1an, fotograf\u00edan o editan desde cualquier rinc\u00f3n del mundo.<\/p>\n","protected":false},"excerpt":{"rendered":"<p>Por David Morales\/Avance Affinity se convirti\u00f3 en uno de los movimientos m\u00e1s disruptivos dentro del dise\u00f1o digital moderno. Su historia comenz\u00f3 mucho antes de que su nombre apareciera en los escritorios de dise\u00f1adores y fot\u00f3grafos. Todo se remonta a 1987, a\u00f1o en que se fund\u00f3 Serif Europe, una compa\u00f1\u00eda brit\u00e1nica que por d\u00e9cadas desarroll\u00f3 software [&hellip;]<\/p>\n","protected":false},"author":2,"featured_media":488833,"comment_status":"closed","ping_status":"closed","sticky":false,"template":"","format":"standard","meta":{"footnotes":""},"categories":[67],"tags":[],"class_list":["post-488832","post","type-post","status-publish","format-standard","has-post-thumbnail","hentry","category-mundo-diverso"],"_links":{"self":[{"href":"https:\/\/diarioavancetabasco.com\/index.php?rest_route=\/wp\/v2\/posts\/488832","targetHints":{"allow":["GET"]}}],"collection":[{"href":"https:\/\/diarioavancetabasco.com\/index.php?rest_route=\/wp\/v2\/posts"}],"about":[{"href":"https:\/\/diarioavancetabasco.com\/index.php?rest_route=\/wp\/v2\/types\/post"}],"author":[{"embeddable":true,"href":"https:\/\/diarioavancetabasco.com\/index.php?rest_route=\/wp\/v2\/users\/2"}],"replies":[{"embeddable":true,"href":"https:\/\/diarioavancetabasco.com\/index.php?rest_route=%2Fwp%2Fv2%2Fcomments&post=488832"}],"version-history":[{"count":1,"href":"https:\/\/diarioavancetabasco.com\/index.php?rest_route=\/wp\/v2\/posts\/488832\/revisions"}],"predecessor-version":[{"id":488834,"href":"https:\/\/diarioavancetabasco.com\/index.php?rest_route=\/wp\/v2\/posts\/488832\/revisions\/488834"}],"wp:featuredmedia":[{"embeddable":true,"href":"https:\/\/diarioavancetabasco.com\/index.php?rest_route=\/wp\/v2\/media\/488833"}],"wp:attachment":[{"href":"https:\/\/diarioavancetabasco.com\/index.php?rest_route=%2Fwp%2Fv2%2Fmedia&parent=488832"}],"wp:term":[{"taxonomy":"category","embeddable":true,"href":"https:\/\/diarioavancetabasco.com\/index.php?rest_route=%2Fwp%2Fv2%2Fcategories&post=488832"},{"taxonomy":"post_tag","embeddable":true,"href":"https:\/\/diarioavancetabasco.com\/index.php?rest_route=%2Fwp%2Fv2%2Ftags&post=488832"}],"curies":[{"name":"wp","href":"https:\/\/api.w.org\/{rel}","templated":true}]}}