{"id":488902,"date":"2025-12-15T13:07:13","date_gmt":"2025-12-15T19:07:13","guid":{"rendered":"https:\/\/diarioavancetabasco.com\/?p=488902"},"modified":"2025-12-15T13:09:01","modified_gmt":"2025-12-15T19:09:01","slug":"sheinbaum-tomara-descanso-decembrino","status":"publish","type":"post","link":"https:\/\/diarioavancetabasco.com\/?p=488902","title":{"rendered":"Sheinbaum tomar\u00e1 descanso decembrino"},"content":{"rendered":"\n<p style=\"font-size:22px\">La presidenta alista descanso por Navidad y fin de a\u00f1o; estos d\u00edas no habr\u00e1 ma\u00f1aneras en Palacio Nacional<\/p>\n\n\n\n<p><strong>Agencia\/CIUDAD DE M\u00c9XICO<\/strong><\/p>\n\n\n\n<p>Ante los festejos decembrinos como Navidad y A\u00f1o Nuevo, la presidenta Claudia Sheinbaum Pardo comparti\u00f3 que se tomar\u00e1 unos d\u00edas para descansar y estar con su familia.<\/p>\n\n\n\n<p>En su conferencia ma\u00f1anera de este lunes 15 de diciembre en Palacio Nacional, Sheinbaum Pardo coment\u00f3 c\u00f3mo quedar\u00e1 su agenda.<\/p>\n\n\n\n<p>Refiri\u00f3 que el mi\u00e9rcoles 24 de diciembre s\u00ed habr\u00e1 conferencia en el Sal\u00f3n Tesorer\u00eda, pero el jueves 25 y viernes 26 no se llevar\u00e1 a cabo: \u201cVamos a hacer puente\u201d.<\/p>\n\n\n\n<p>&nbsp;\u201cY pues tampoco el 1 y 2 (de enero) porque es jueves y viernes, entonces vamos a dar vacaciones a la fuente period\u00edstica de Presidencia. Tal vez me tome unos d\u00edas, del 25 al 27, todav\u00eda no sabemos.<\/p>\n\n\n\n<p>\u201cAyer justo est\u00e1bamos platicando con mi esposo a d\u00f3nde \u00edbamos; unos dos, tres d\u00edas y despu\u00e9s el 31 pues ya lo pasar\u00edamos con la familia, con el nieto, la alegr\u00eda del hogar\u201d, coment\u00f3.<\/p>\n","protected":false},"excerpt":{"rendered":"<p>La presidenta alista descanso por Navidad y fin de a\u00f1o; estos d\u00edas no habr\u00e1 ma\u00f1aneras en Palacio Nacional Agencia\/CIUDAD DE M\u00c9XICO Ante los festejos decembrinos como Navidad y A\u00f1o Nuevo, la presidenta Claudia Sheinbaum Pardo comparti\u00f3 que se tomar\u00e1 unos d\u00edas para descansar y estar con su familia. En su conferencia ma\u00f1anera de este lunes [&hellip;]<\/p>\n","protected":false},"author":2,"featured_media":488903,"comment_status":"closed","ping_status":"closed","sticky":false,"template":"","format":"standard","meta":{"footnotes":""},"categories":[62],"tags":[],"class_list":["post-488902","post","type-post","status-publish","format-standard","has-post-thumbnail","hentry","category-el-pais"],"_links":{"self":[{"href":"https:\/\/diarioavancetabasco.com\/index.php?rest_route=\/wp\/v2\/posts\/488902","targetHints":{"allow":["GET"]}}],"collection":[{"href":"https:\/\/diarioavancetabasco.com\/index.php?rest_route=\/wp\/v2\/posts"}],"about":[{"href":"https:\/\/diarioavancetabasco.com\/index.php?rest_route=\/wp\/v2\/types\/post"}],"author":[{"embeddable":true,"href":"https:\/\/diarioavancetabasco.com\/index.php?rest_route=\/wp\/v2\/users\/2"}],"replies":[{"embeddable":true,"href":"https:\/\/diarioavancetabasco.com\/index.php?rest_route=%2Fwp%2Fv2%2Fcomments&post=488902"}],"version-history":[{"count":2,"href":"https:\/\/diarioavancetabasco.com\/index.php?rest_route=\/wp\/v2\/posts\/488902\/revisions"}],"predecessor-version":[{"id":488905,"href":"https:\/\/diarioavancetabasco.com\/index.php?rest_route=\/wp\/v2\/posts\/488902\/revisions\/488905"}],"wp:featuredmedia":[{"embeddable":true,"href":"https:\/\/diarioavancetabasco.com\/index.php?rest_route=\/wp\/v2\/media\/488903"}],"wp:attachment":[{"href":"https:\/\/diarioavancetabasco.com\/index.php?rest_route=%2Fwp%2Fv2%2Fmedia&parent=488902"}],"wp:term":[{"taxonomy":"category","embeddable":true,"href":"https:\/\/diarioavancetabasco.com\/index.php?rest_route=%2Fwp%2Fv2%2Fcategories&post=488902"},{"taxonomy":"post_tag","embeddable":true,"href":"https:\/\/diarioavancetabasco.com\/index.php?rest_route=%2Fwp%2Fv2%2Ftags&post=488902"}],"curies":[{"name":"wp","href":"https:\/\/api.w.org\/{rel}","templated":true}]}}