{"id":488976,"date":"2025-12-16T13:12:34","date_gmt":"2025-12-16T19:12:34","guid":{"rendered":"https:\/\/diarioavancetabasco.com\/?p=488976"},"modified":"2025-12-16T13:12:34","modified_gmt":"2025-12-16T19:12:34","slug":"hay-colaboracion-en-distintos-temas-con-eu-pero-nunca-la-violacion-a-nuestra-soberania-claudia-sheinbaum","status":"publish","type":"post","link":"https:\/\/diarioavancetabasco.com\/?p=488976","title":{"rendered":"Hay colaboraci\u00f3n en distintos temas con EU pero \u00abnunca la violaci\u00f3n a nuestra soberan\u00eda\u00bb : Claudia Sheinbaum"},"content":{"rendered":"\n<p style=\"font-size:22px\">Trump, anunci\u00f3 que declarar\u00e1 el fentanilo como un \u201carma de destrucci\u00f3n masiva\u201d e insistiera que pronto comenzar\u00e1n los ataques contra los c\u00e1rteles v\u00eda terrestre, la presidenta Claudia Sheinbaum Pardo se\u00f1al\u00f3 que su gobierno est\u00e1 en contra de cualquier intervenci\u00f3n<\/p>\n\n\n\n<p><strong>Agencia\/CIUDAD DE M\u00c9XICO<\/strong><\/p>\n\n\n\n<p>Luego que ayer el presidente de EU, Donald Trump, anunci\u00f3 que declarar\u00e1 el fentanilo como un \u201carma de destrucci\u00f3n masiva\u201d e insistiera que pronto comenzar\u00e1n los ataques contra los c\u00e1rteles v\u00eda terrestre, la presidenta Claudia Sheinbaum Pardo se\u00f1al\u00f3 que su gobierno est\u00e1 en contra de cualquier intervenci\u00f3n, e indic\u00f3 que la soberan\u00eda, la territorialidad, no est\u00e1n a discusi\u00f3n bajo ning\u00fan motivo.<\/p>\n\n\n\n<p>La Mandataria federal se\u00f1al\u00f3 que hay colaboraci\u00f3n y coordinaci\u00f3n en distintos temas con el gobierno de Estados Unidos, pero \u00abnunca la violaci\u00f3n a nuestra soberan\u00eda\u00bb.<\/p>\n\n\n\n<p>En conferencia de prensa, la Mandataria federal se\u00f1al\u00f3 que su gobierno analizar\u00e1 exactamente las implicaciones y alcances que tiene el declarar en el pa\u00eds vecino el fentanilo como un \u201carma de destrucci\u00f3n masiva\u201d, pues indic\u00f3 que tambi\u00e9n tiene un uso m\u00e9dico.<\/p>\n\n\n\n<p>Se\u00f1al\u00f3 que m\u00e1s all\u00e1 de perseguir a aquellos que generan violencia vinculada con el tr\u00e1fico de drogas, el tema central es la atenci\u00f3n a la causa en el consumo de las drogas.<\/p>\n\n\n\n<p>\u00abDada esta orden ejecutiva se pod\u00eda prever que el gobierno de EU insista en su ofrecimiento de intervenir militarmente en M\u00e9xico, ofrecerle con lo que ya nos ha comentado en las llamadas telef\u00f3nicas, \u00bfla postura de M\u00e9xico ser\u00eda la misma?\u00bb, se le pregunt\u00f3.<\/p>\n\n\n\n<p>\u00abLa misma. Nosotros estamos en contra de cualquier intervenci\u00f3n, en contra, por la defensa en cualquier lugar del mundo, pero en M\u00e9xico m\u00e1s. La soberan\u00eda, la territorialidad, esas no est\u00e1n a discusi\u00f3n bajo ning\u00fan motivo. Es colaboraci\u00f3n y coordinaci\u00f3n en distintos temas, pero nunca la violaci\u00f3n a nuestra soberan\u00eda\u00bb, dijo.<\/p>\n\n\n\n<p>Donald Trump declara fentanilo como \u00abarma de destrucci\u00f3n masiva\u00bb<\/p>\n\n\n\n<p>Ayer, el presidente estadounidense, Donald Trump, anunci\u00f3 que declarar\u00e1 el fentanilo como un \u201carma de destrucci\u00f3n masiva\u201d.<\/p>\n\n\n\n<p>En un evento para entregar la Medalla a la Defensa de la Frontera con M\u00e9xico, Trump dijo que emitir\u00e1 una orden ejecutiva para hacer la declaratoria, al advertir que los c\u00e1rteles de la droga son \u201cenemigos de Estados Unidos\u201d.<\/p>\n\n\n\n<p>Trump afirm\u00f3 que su administraci\u00f3n est\u00e1 \u201cdesmantelando a los c\u00e1rteles\u201d y que, tras haber heredado \u201cuna de las peores fronteras del mundo\u201d, ahora se ha convertido en \u201cla m\u00e1s segura\u201d.<\/p>\n\n\n\n<p>Asegur\u00f3 que sus ataques contra supuestas narcolanchas en el Caribe y el Pac\u00edfico han frenado el flujo mar\u00edtimo de drogas hacia Estados Unidos en m\u00e1s de 90%, e insisti\u00f3 en que pronto iniciar\u00e1 los ataques contra los c\u00e1rteles v\u00eda terrestre. \u201cEs mucho m\u00e1s f\u00e1cil\u201d.<\/p>\n","protected":false},"excerpt":{"rendered":"<p>Trump, anunci\u00f3 que declarar\u00e1 el fentanilo como un \u201carma de destrucci\u00f3n masiva\u201d e insistiera que pronto comenzar\u00e1n los ataques contra los c\u00e1rteles v\u00eda terrestre, la presidenta Claudia Sheinbaum Pardo se\u00f1al\u00f3 que su gobierno est\u00e1 en contra de cualquier intervenci\u00f3n Agencia\/CIUDAD DE M\u00c9XICO Luego que ayer el presidente de EU, Donald Trump, anunci\u00f3 que declarar\u00e1 el [&hellip;]<\/p>\n","protected":false},"author":2,"featured_media":488974,"comment_status":"closed","ping_status":"closed","sticky":false,"template":"","format":"standard","meta":{"footnotes":""},"categories":[62],"tags":[],"class_list":["post-488976","post","type-post","status-publish","format-standard","has-post-thumbnail","hentry","category-el-pais"],"_links":{"self":[{"href":"https:\/\/diarioavancetabasco.com\/index.php?rest_route=\/wp\/v2\/posts\/488976","targetHints":{"allow":["GET"]}}],"collection":[{"href":"https:\/\/diarioavancetabasco.com\/index.php?rest_route=\/wp\/v2\/posts"}],"about":[{"href":"https:\/\/diarioavancetabasco.com\/index.php?rest_route=\/wp\/v2\/types\/post"}],"author":[{"embeddable":true,"href":"https:\/\/diarioavancetabasco.com\/index.php?rest_route=\/wp\/v2\/users\/2"}],"replies":[{"embeddable":true,"href":"https:\/\/diarioavancetabasco.com\/index.php?rest_route=%2Fwp%2Fv2%2Fcomments&post=488976"}],"version-history":[{"count":1,"href":"https:\/\/diarioavancetabasco.com\/index.php?rest_route=\/wp\/v2\/posts\/488976\/revisions"}],"predecessor-version":[{"id":488977,"href":"https:\/\/diarioavancetabasco.com\/index.php?rest_route=\/wp\/v2\/posts\/488976\/revisions\/488977"}],"wp:featuredmedia":[{"embeddable":true,"href":"https:\/\/diarioavancetabasco.com\/index.php?rest_route=\/wp\/v2\/media\/488974"}],"wp:attachment":[{"href":"https:\/\/diarioavancetabasco.com\/index.php?rest_route=%2Fwp%2Fv2%2Fmedia&parent=488976"}],"wp:term":[{"taxonomy":"category","embeddable":true,"href":"https:\/\/diarioavancetabasco.com\/index.php?rest_route=%2Fwp%2Fv2%2Fcategories&post=488976"},{"taxonomy":"post_tag","embeddable":true,"href":"https:\/\/diarioavancetabasco.com\/index.php?rest_route=%2Fwp%2Fv2%2Ftags&post=488976"}],"curies":[{"name":"wp","href":"https:\/\/api.w.org\/{rel}","templated":true}]}}