{"id":489067,"date":"2025-12-18T11:44:57","date_gmt":"2025-12-18T17:44:57","guid":{"rendered":"https:\/\/diarioavancetabasco.com\/?p=489067"},"modified":"2025-12-18T11:44:57","modified_gmt":"2025-12-18T17:44:57","slug":"rechaza-sheinbaum-discurso-antimigrante-de-trump-mexico-defiende-a-connacionales","status":"publish","type":"post","link":"https:\/\/diarioavancetabasco.com\/?p=489067","title":{"rendered":"Rechaza Sheinbaum discurso antimigrante de Trump; M\u00e9xico defiende a connacionales"},"content":{"rendered":"\n<p style=\"font-size:22px\">Estados Unidos es un pa\u00eds construido a partir de la migraci\u00f3n y que su desarrollo econ\u00f3mico no puede entenderse sin la aportaci\u00f3n de personas provenientes de distintas partes del mundo, incluidos millones de mexicanas y mexicanos<\/p>\n\n\n\n<p><strong>Agencia\/CIUDAD DE M\u00c9XICO<\/strong><\/p>\n\n\n\n<p>Luego de que el presidente de Estados Unidos, Donald Trump, ofreciera un mensaje a su naci\u00f3n con una narrativa de intimidaci\u00f3n hacia las personas migrantes, la presidenta de M\u00e9xico, Claudia Sheinbaum Pardo, expres\u00f3 su desacuerdo con la pol\u00edtica migratoria estadounidense y rechaz\u00f3 que la frontera com\u00fan sea una de las m\u00e1s inseguras del mundo.<\/p>\n\n\n\n<p>Durante su conferencia matutina, la Mandataria critic\u00f3 que en el discurso del presidente estadounidense se vuelva a criminalizar a la poblaci\u00f3n migrante, as\u00ed como a responsabilizar a la administraci\u00f3n del expresidente Joe Biden de haber permitido el ingreso de personas extranjeras sin control.<\/p>\n\n\n\n<p>Sheinbaum subray\u00f3 que Estados Unidos es un pa\u00eds construido a partir de la migraci\u00f3n y que su desarrollo econ\u00f3mico no puede entenderse sin la aportaci\u00f3n de personas provenientes de distintas partes del mundo, incluidos millones de mexicanas y mexicanos.<\/p>\n\n\n\n<p>&nbsp;\u201cNo estamos de acuerdo. Las y los mexicanos, pero tambi\u00e9n personas de muchos otros lugares del mundo, llegan a Estados Unidos buscando una mejor vida. Estados Unidos creci\u00f3 con migraci\u00f3n, es el origen de nuestro pa\u00eds vecino\u201d, afirm\u00f3.<\/p>\n\n\n\n<p>La Presidenta record\u00f3 que una parte del territorio estadounidense fue hist\u00f3ricamente mexicano, lo que deriv\u00f3 en familias que quedaron a ambos lados de la frontera, adem\u00e1s de procesos migratorios promovidos por el propio gobierno estadounidense, como el Programa Bracero, que incentiv\u00f3 la mano de obra mexicana durante la Segunda Guerra Mundial.<\/p>\n\n\n\n<p>Destac\u00f3 que actualmente hay comunidades mexicanas de tercera, cuarta y hasta quinta generaci\u00f3n en Estados Unidos, as\u00ed como migrantes de primera generaci\u00f3n con un fuerte v\u00ednculo cultural con M\u00e9xico. En contraste, se\u00f1al\u00f3 que durante el sexenio del presidente Andr\u00e9s Manuel L\u00f3pez Obrador la migraci\u00f3n mexicana hacia Estados Unidos disminuy\u00f3, y que el incremento observado en a\u00f1os recientes correspondi\u00f3 principalmente a personas de otros pa\u00edses que utilizaron a M\u00e9xico como territorio de tr\u00e1nsito.<\/p>\n\n\n\n<p>Sheinbaum insisti\u00f3 en que la mejor manera de reducir la migraci\u00f3n es mediante la cooperaci\u00f3n para el desarrollo, y afirm\u00f3 que el aumento al salario m\u00ednimo y los programas de bienestar en M\u00e9xico contribuyeron a disminuir la salida de personas hacia el norte.<\/p>\n\n\n\n<p>Asimismo, defendi\u00f3 la relevancia econ\u00f3mica de la comunidad mexicana en Estados Unidos, particularmente en sectores como el campo, la construcci\u00f3n, los servicios, la industria y la academia. \u201cLa producci\u00f3n agr\u00edcola en California no ser\u00eda lo que es sin las y los trabajadores mexicanos\u201d, se\u00f1al\u00f3.<\/p>\n\n\n\n<p>Respecto a la frontera com\u00fan, la Presidenta descart\u00f3 que se trate de una de las m\u00e1s peligrosas del mundo y la describi\u00f3 como una de las de mayor actividad econ\u00f3mica y social, con un intenso cruce diario de personas, mercanc\u00edas y veh\u00edculos, impulsado por los tratados comerciales y la integraci\u00f3n regional.<\/p>\n\n\n\n<p>Finalmente, Sheinbaum reiter\u00f3 que el Gobierno de M\u00e9xico mantendr\u00e1 una postura firme en defensa de los derechos de los migrantes, y asegur\u00f3 que se continuar\u00e1 brindando protecci\u00f3n y apoyo jur\u00eddico a trav\u00e9s de la red consular y de organismos especializados, ante el endurecimiento del discurso y las pol\u00edticas migratorias en Estados Unidos.<\/p>\n","protected":false},"excerpt":{"rendered":"<p>Estados Unidos es un pa\u00eds construido a partir de la migraci\u00f3n y que su desarrollo econ\u00f3mico no puede entenderse sin la aportaci\u00f3n de personas provenientes de distintas partes del mundo, incluidos millones de mexicanas y mexicanos Agencia\/CIUDAD DE M\u00c9XICO Luego de que el presidente de Estados Unidos, Donald Trump, ofreciera un mensaje a su naci\u00f3n [&hellip;]<\/p>\n","protected":false},"author":2,"featured_media":489068,"comment_status":"closed","ping_status":"closed","sticky":false,"template":"","format":"standard","meta":{"footnotes":""},"categories":[62],"tags":[],"class_list":["post-489067","post","type-post","status-publish","format-standard","has-post-thumbnail","hentry","category-el-pais"],"_links":{"self":[{"href":"https:\/\/diarioavancetabasco.com\/index.php?rest_route=\/wp\/v2\/posts\/489067","targetHints":{"allow":["GET"]}}],"collection":[{"href":"https:\/\/diarioavancetabasco.com\/index.php?rest_route=\/wp\/v2\/posts"}],"about":[{"href":"https:\/\/diarioavancetabasco.com\/index.php?rest_route=\/wp\/v2\/types\/post"}],"author":[{"embeddable":true,"href":"https:\/\/diarioavancetabasco.com\/index.php?rest_route=\/wp\/v2\/users\/2"}],"replies":[{"embeddable":true,"href":"https:\/\/diarioavancetabasco.com\/index.php?rest_route=%2Fwp%2Fv2%2Fcomments&post=489067"}],"version-history":[{"count":1,"href":"https:\/\/diarioavancetabasco.com\/index.php?rest_route=\/wp\/v2\/posts\/489067\/revisions"}],"predecessor-version":[{"id":489069,"href":"https:\/\/diarioavancetabasco.com\/index.php?rest_route=\/wp\/v2\/posts\/489067\/revisions\/489069"}],"wp:featuredmedia":[{"embeddable":true,"href":"https:\/\/diarioavancetabasco.com\/index.php?rest_route=\/wp\/v2\/media\/489068"}],"wp:attachment":[{"href":"https:\/\/diarioavancetabasco.com\/index.php?rest_route=%2Fwp%2Fv2%2Fmedia&parent=489067"}],"wp:term":[{"taxonomy":"category","embeddable":true,"href":"https:\/\/diarioavancetabasco.com\/index.php?rest_route=%2Fwp%2Fv2%2Fcategories&post=489067"},{"taxonomy":"post_tag","embeddable":true,"href":"https:\/\/diarioavancetabasco.com\/index.php?rest_route=%2Fwp%2Fv2%2Ftags&post=489067"}],"curies":[{"name":"wp","href":"https:\/\/api.w.org\/{rel}","templated":true}]}}