{"id":489076,"date":"2025-12-18T12:46:55","date_gmt":"2025-12-18T18:46:55","guid":{"rendered":"https:\/\/diarioavancetabasco.com\/?p=489076"},"modified":"2025-12-18T12:46:55","modified_gmt":"2025-12-18T18:46:55","slug":"avioneta-se-estrella-en-aeropuerto-de-carolina-del-norte-propiedad-de-greg-biffle-expiloto-de-nascar","status":"publish","type":"post","link":"https:\/\/diarioavancetabasco.com\/?p=489076","title":{"rendered":"Avioneta se estrella en aeropuerto de Carolina del Norte; propiedad de Greg Biffle, expiloto de NASCAR"},"content":{"rendered":"\n<p style=\"font-size:22px\">Hasta el momento las autoridades no han precisado cu\u00e1ntas personas viajaban a bordo ni si hubo sobrevivientes<\/p>\n\n\n\n<p><strong>Agencia\/MIAMI<\/strong><\/p>\n\n\n\n<p>Un avi\u00f3n se estrell\u00f3 en el Aeropuerto Regional de Statesville, en el condado de Iredell, Carolina del Norte, dejando varias v\u00edctimas mortales, confirm\u00f3 la oficina del alguacil.<\/p>\n\n\n\n<p>La aeronave, un Cessna C550, se accident\u00f3 alrededor de las 10:15 hora local (15:15 GMT) por causas que a\u00fan se investigan.<\/p>\n\n\n\n<p>Una imagen difundida desde el aeropuerto muestra al avi\u00f3n envuelto en una gran bola de fuego tras el impacto.<\/p>\n\n\n\n<p>Hasta el momento, las autoridades no han precisado cu\u00e1ntas personas viajaban a bordo ni si hubo sobrevivientes.<\/p>\n\n\n\n<p>Medios locales informaron que el avi\u00f3n es propiedad de Greg Biffle, expiloto de NASCAR conocido por haber realizado cientos de misiones de rescate en helic\u00f3ptero en el oeste de Carolina del Norte tras el paso del hurac\u00e1n Helene, en 2024.<\/p>\n\n\n\n<p>No se ha confirmado si Biffle se encontraba a bordo en el momento del accidente.<\/p>\n\n\n\n<p>Im\u00e1genes difundidas desde el aeropuerto muestran a la aeronave envuelta en una gran bola de fuego tras el impacto.<\/p>\n\n\n\n<p>Equipos de emergencia acudieron de inmediato al lugar, mientras la zona permanece acordonada y las autoridades contin\u00faan con las investigaciones.<\/p>\n","protected":false},"excerpt":{"rendered":"<p>Hasta el momento las autoridades no han precisado cu\u00e1ntas personas viajaban a bordo ni si hubo sobrevivientes Agencia\/MIAMI Un avi\u00f3n se estrell\u00f3 en el Aeropuerto Regional de Statesville, en el condado de Iredell, Carolina del Norte, dejando varias v\u00edctimas mortales, confirm\u00f3 la oficina del alguacil. La aeronave, un Cessna C550, se accident\u00f3 alrededor de las [&hellip;]<\/p>\n","protected":false},"author":2,"featured_media":489077,"comment_status":"closed","ping_status":"closed","sticky":false,"template":"","format":"standard","meta":{"footnotes":""},"categories":[63],"tags":[],"class_list":["post-489076","post","type-post","status-publish","format-standard","has-post-thumbnail","hentry","category-el-mundo"],"_links":{"self":[{"href":"https:\/\/diarioavancetabasco.com\/index.php?rest_route=\/wp\/v2\/posts\/489076","targetHints":{"allow":["GET"]}}],"collection":[{"href":"https:\/\/diarioavancetabasco.com\/index.php?rest_route=\/wp\/v2\/posts"}],"about":[{"href":"https:\/\/diarioavancetabasco.com\/index.php?rest_route=\/wp\/v2\/types\/post"}],"author":[{"embeddable":true,"href":"https:\/\/diarioavancetabasco.com\/index.php?rest_route=\/wp\/v2\/users\/2"}],"replies":[{"embeddable":true,"href":"https:\/\/diarioavancetabasco.com\/index.php?rest_route=%2Fwp%2Fv2%2Fcomments&post=489076"}],"version-history":[{"count":1,"href":"https:\/\/diarioavancetabasco.com\/index.php?rest_route=\/wp\/v2\/posts\/489076\/revisions"}],"predecessor-version":[{"id":489078,"href":"https:\/\/diarioavancetabasco.com\/index.php?rest_route=\/wp\/v2\/posts\/489076\/revisions\/489078"}],"wp:featuredmedia":[{"embeddable":true,"href":"https:\/\/diarioavancetabasco.com\/index.php?rest_route=\/wp\/v2\/media\/489077"}],"wp:attachment":[{"href":"https:\/\/diarioavancetabasco.com\/index.php?rest_route=%2Fwp%2Fv2%2Fmedia&parent=489076"}],"wp:term":[{"taxonomy":"category","embeddable":true,"href":"https:\/\/diarioavancetabasco.com\/index.php?rest_route=%2Fwp%2Fv2%2Fcategories&post=489076"},{"taxonomy":"post_tag","embeddable":true,"href":"https:\/\/diarioavancetabasco.com\/index.php?rest_route=%2Fwp%2Fv2%2Ftags&post=489076"}],"curies":[{"name":"wp","href":"https:\/\/api.w.org\/{rel}","templated":true}]}}