{"id":489082,"date":"2025-12-19T11:03:52","date_gmt":"2025-12-19T17:03:52","guid":{"rendered":"https:\/\/diarioavancetabasco.com\/?p=489082"},"modified":"2025-12-19T11:03:52","modified_gmt":"2025-12-19T17:03:52","slug":"gobierno-destaca-informe-de-bm-clase-media-en-mexico-crece-12-4","status":"publish","type":"post","link":"https:\/\/diarioavancetabasco.com\/?p=489082","title":{"rendered":"Gobierno destaca informe de BM; clase media en M\u00e9xico crece 12.4%"},"content":{"rendered":"\n<p class=\"has-vivid-red-color has-text-color has-link-color wp-elements-73d670b873fa903645e7d829c907161f\" style=\"font-size:22px\">Jes\u00fas Ram\u00edrez Cuevas coordinador de asesores de la Presidencia destac\u00f3 los recientes resultados dados a conocer por el Banco Mundial, en donde se expone que la clase media en M\u00e9xico pas\u00f3 de 27.2 por ciento a 39.6 por ciento entre 2018 y 2024<\/p>\n\n\n\n<p><strong>Agencia\/CIUDAD DE M\u00c9XICO<\/strong><\/p>\n\n\n\n<p>Durante los \u00faltimos seis a\u00f1os, la clase media en M\u00e9xico creci\u00f3 12.4 por ciento, que ha llevado a que 4 de cada diez habitantes ya forma parte de esta clasificaci\u00f3n.<\/p>\n\n\n\n<p>Durante la conferencia matutina de Claudia Sheinbaum, Jes\u00fas Ram\u00edrez Cuevas, coordinador de asesores de la Presidencia, destac\u00f3 los recientes resultados dados a conocer por el Banco Mundial, en donde se expone que la clase media en M\u00e9xico pas\u00f3 de 27.2 por ciento a 39.6 por ciento entre 2018 y 2024.<\/p>\n\n\n\n<p>Precis\u00f3 que las personas dentro de esta clase son aquellas que ganan m\u00e1s de 340 pesos<\/p>\n\n\n\n<p><strong>El llamado es a la no intervenci\u00f3n<\/strong><\/p>\n\n\n\n<p>\u2018Estamos en contacto\u2019, dice Sheinbaum sobre frente ante conflicto entre EU y Venezuela<\/p>\n\n\n\n<p>\u201cNo alcanzan a ser ricos, pero tienen satisfechas todas sus necesidades, no tienen ning\u00fan tipo de rezago social ni de vulneraci\u00f3n social\u201d, dijo.<\/p>\n\n\n\n<p>Como parte de esto, record\u00f3 que estad\u00edsticas del Instituto Nacional de Estad\u00edstica y Geograf\u00eda (Inegi) apuntan que en el mismo periodo la poblaci\u00f3n en pobreza baj\u00f3 de 41.9 por ciento a 29 por ciento.<\/p>\n\n\n\n<p>\u201cEsta reducci\u00f3n ha sido muy importante, m\u00e1s de 13 millones de personas dejaron de ser pobres y aqu\u00ed, 12 millones de mexicanos de 2018 a 2024 pasaron a formar parte de clase media\u201d, dijo.<\/p>\n\n\n\n<p>Agreg\u00f3: \u201cAqu\u00ed coinciden tanto la estad\u00edstica nacional, a veces dicen que se mueven las estad\u00edsticas nacionales para ajustarlas a los objetivos del gobierno y aqu\u00ed se muestra como eh una instancia internacional, como el Banco Mundial constata que efectivamente la el el aumento de la clase media en este caso y de la reducci\u00f3n de la pobreza, pues est\u00e1n de acuerdo en las proporciones de la estad\u00edstica nacional\u201d.<\/p>\n\n\n\n<p>Coment\u00f3 que esto no es una situaci\u00f3n que \u00fanicamente tenga efectos dentro de este grupo social, sino que impacta a otros segmentos de la poblaci\u00f3n.<\/p>\n\n\n\n<p>\u201cCambia la imagen que se tiene de que solo la pol\u00edtica de la cuarta transformaci\u00f3n, pues est\u00e1 enfocada a un sector de la poblaci\u00f3n el sector m\u00e1s vulnerable, sector m\u00e1s pobre y aqu\u00ed estamos viendo que la consecuencia es que favorece al conjunto de la sociedad y a todos los sectores teniendo como como resultado el aumento de la clase media de manera hist\u00f3rica\u201d, dijo.<\/p>\n\n\n\n<p>La Presidenta Claudia Sheinbaum Pardo atribuy\u00f3 este avance a la llegada de la Cuarta Transformaci\u00f3n al Gobierno y las distintas pol\u00edticas que se emprendieron.<\/p>\n\n\n\n<p>\u201c\u00bfQu\u00e9 fue lo que ocurri\u00f3 en M\u00e9xico? Se llama cuarta transformaci\u00f3n. Se llama gobierno humanista. Se llama econom\u00eda moral, programas de bienestar, derechos, no programas asistencialistas, sino derechos.<\/p>\n\n\n\n<figure class=\"wp-block-image size-full is-resized\"><img loading=\"lazy\" decoding=\"async\" width=\"693\" height=\"379\" src=\"http:\/\/diarioavancetabasco.com\/wp-content\/uploads\/2025\/12\/OFICIAL.png\" alt=\"\" class=\"wp-image-489084\" style=\"width:840px;height:auto\" srcset=\"https:\/\/diarioavancetabasco.com\/wp-content\/uploads\/2025\/12\/OFICIAL.png 693w, https:\/\/diarioavancetabasco.com\/wp-content\/uploads\/2025\/12\/OFICIAL-300x164.png 300w\" sizes=\"auto, (max-width: 693px) 100vw, 693px\" \/><figcaption class=\"wp-element-caption\">Gr\u00e1fica oficial. \u0131 Foto: Captura de pantalla.<\/figcaption><\/figure>\n","protected":false},"excerpt":{"rendered":"<p>Jes\u00fas Ram\u00edrez Cuevas coordinador de asesores de la Presidencia destac\u00f3 los recientes resultados dados a conocer por el Banco Mundial, en donde se expone que la clase media en M\u00e9xico pas\u00f3 de 27.2 por ciento a 39.6 por ciento entre 2018 y 2024 Agencia\/CIUDAD DE M\u00c9XICO Durante los \u00faltimos seis a\u00f1os, la clase media en [&hellip;]<\/p>\n","protected":false},"author":2,"featured_media":489083,"comment_status":"closed","ping_status":"closed","sticky":false,"template":"","format":"standard","meta":{"footnotes":""},"categories":[62],"tags":[],"class_list":["post-489082","post","type-post","status-publish","format-standard","has-post-thumbnail","hentry","category-el-pais"],"_links":{"self":[{"href":"https:\/\/diarioavancetabasco.com\/index.php?rest_route=\/wp\/v2\/posts\/489082","targetHints":{"allow":["GET"]}}],"collection":[{"href":"https:\/\/diarioavancetabasco.com\/index.php?rest_route=\/wp\/v2\/posts"}],"about":[{"href":"https:\/\/diarioavancetabasco.com\/index.php?rest_route=\/wp\/v2\/types\/post"}],"author":[{"embeddable":true,"href":"https:\/\/diarioavancetabasco.com\/index.php?rest_route=\/wp\/v2\/users\/2"}],"replies":[{"embeddable":true,"href":"https:\/\/diarioavancetabasco.com\/index.php?rest_route=%2Fwp%2Fv2%2Fcomments&post=489082"}],"version-history":[{"count":1,"href":"https:\/\/diarioavancetabasco.com\/index.php?rest_route=\/wp\/v2\/posts\/489082\/revisions"}],"predecessor-version":[{"id":489085,"href":"https:\/\/diarioavancetabasco.com\/index.php?rest_route=\/wp\/v2\/posts\/489082\/revisions\/489085"}],"wp:featuredmedia":[{"embeddable":true,"href":"https:\/\/diarioavancetabasco.com\/index.php?rest_route=\/wp\/v2\/media\/489083"}],"wp:attachment":[{"href":"https:\/\/diarioavancetabasco.com\/index.php?rest_route=%2Fwp%2Fv2%2Fmedia&parent=489082"}],"wp:term":[{"taxonomy":"category","embeddable":true,"href":"https:\/\/diarioavancetabasco.com\/index.php?rest_route=%2Fwp%2Fv2%2Fcategories&post=489082"},{"taxonomy":"post_tag","embeddable":true,"href":"https:\/\/diarioavancetabasco.com\/index.php?rest_route=%2Fwp%2Fv2%2Ftags&post=489082"}],"curies":[{"name":"wp","href":"https:\/\/api.w.org\/{rel}","templated":true}]}}