{"id":489149,"date":"2025-12-20T00:35:00","date_gmt":"2025-12-20T06:35:00","guid":{"rendered":"https:\/\/diarioavancetabasco.com\/?p=489149"},"modified":"2025-12-19T22:45:31","modified_gmt":"2025-12-20T04:45:31","slug":"plutarco-elias-calles-una-calle-mas-de-nuestra-ciudad","status":"publish","type":"post","link":"https:\/\/diarioavancetabasco.com\/?p=489149","title":{"rendered":"Plutarco El\u00edas Calles, una calle m\u00e1s de nuestra ciudad"},"content":{"rendered":"\n<p style=\"font-size:20px\"><strong>Por David Morales\/Avance<\/strong><\/p>\n\n\n\n<p>Plutarco El\u00edas Calles fue uno de los personajes centrales en la reorganizaci\u00f3n pol\u00edtica de M\u00e9xico tras la Revoluci\u00f3n. Naci\u00f3 en Sonora en 1877 y ocup\u00f3 la Presidencia de la Rep\u00fablica entre 1924 y 1928, periodo en el que impuls\u00f3 la consolidaci\u00f3n del Estado moderno, la institucionalizaci\u00f3n del poder y la subordinaci\u00f3n del ej\u00e9rcito al gobierno civil, seg\u00fan registran estudios hist\u00f3ricos del Colegio de M\u00e9xico y s\u00edntesis del Instituto Nacional de Estudios Hist\u00f3ricos de las Revoluciones de M\u00e9xico.<br>Durante su mandato se promovieron reformas en educaci\u00f3n, econom\u00eda y administraci\u00f3n p\u00fablica, adem\u00e1s de un fuerte impulso al proyecto de un Estado laico. La pol\u00edtica anticlerical de su gobierno deriv\u00f3 en el conflicto conocido como la Guerra Cristera entre 1926 y 1929, uno de los episodios sociales m\u00e1s tensos del M\u00e9xico del siglo XX, ampliamente documentado en la historiograf\u00eda nacional.<br>Tras concluir su presidencia, Calles mantuvo una influencia decisiva en la vida pol\u00edtica del pa\u00eds durante el periodo conocido como el Maximato, etapa en la que tres presidentes gobernaron bajo su tutela informal. Investigaciones hist\u00f3ricas coinciden en que este ciclo marc\u00f3 el tr\u00e1nsito definitivo del caudillismo armado hacia un sistema pol\u00edtico institucional, proceso que culmin\u00f3 con la fundaci\u00f3n del Partido Nacional Revolucionario en 1929, antecedente directo del actual sistema de partidos.<br>La presencia del nombre Plutarco El\u00edas Calles en la nomenclatura urbana de Villahermosa responde a una pr\u00e1ctica com\u00fan durante el siglo XX. En Villahermosa: nuestra ciudad, el historiador Geney Torruco Saravia explica que muchas calles y avenidas de la capital tabasque\u00f1a adoptaron nombres de figuras del M\u00e9xico posrevolucionario como parte de una pol\u00edtica simb\u00f3lica orientada a reforzar la identidad nacional y los valores del nuevo Estado.<br>La calle Plutarco El\u00edas Calles forma parte de ese conjunto de vialidades que incorporaron referentes hist\u00f3ricos nacionales al espacio cotidiano de la ciudad. Directorios urbanos y registros municipales la ubican dentro de zonas consolidadas de Villahermosa, integr\u00e1ndola a una red de calles cuyos nombres funcionan como recordatorios permanentes de los personajes que definieron la vida pol\u00edtica del pa\u00eds en la primera mitad del siglo XX.<br>As\u00ed, el nombre de Plutarco El\u00edas Calles permanece inscrito en el mapa urbano de la capital tabasque\u00f1a como reflejo de una etapa clave de la historia nacional, en la que se sentaron las bases del M\u00e9xico institucional que marcar\u00eda el rumbo pol\u00edtico durante varias d\u00e9cadas.<\/p>\n","protected":false},"excerpt":{"rendered":"<p>Por David Morales\/Avance Plutarco El\u00edas Calles fue uno de los personajes centrales en la reorganizaci\u00f3n pol\u00edtica de M\u00e9xico tras la Revoluci\u00f3n. Naci\u00f3 en Sonora en 1877 y ocup\u00f3 la Presidencia de la Rep\u00fablica entre 1924 y 1928, periodo en el que impuls\u00f3 la consolidaci\u00f3n del Estado moderno, la institucionalizaci\u00f3n del poder y la subordinaci\u00f3n del [&hellip;]<\/p>\n","protected":false},"author":2,"featured_media":489150,"comment_status":"closed","ping_status":"closed","sticky":false,"template":"","format":"standard","meta":{"footnotes":""},"categories":[9],"tags":[],"class_list":["post-489149","post","type-post","status-publish","format-standard","has-post-thumbnail","hentry","category-politica"],"_links":{"self":[{"href":"https:\/\/diarioavancetabasco.com\/index.php?rest_route=\/wp\/v2\/posts\/489149","targetHints":{"allow":["GET"]}}],"collection":[{"href":"https:\/\/diarioavancetabasco.com\/index.php?rest_route=\/wp\/v2\/posts"}],"about":[{"href":"https:\/\/diarioavancetabasco.com\/index.php?rest_route=\/wp\/v2\/types\/post"}],"author":[{"embeddable":true,"href":"https:\/\/diarioavancetabasco.com\/index.php?rest_route=\/wp\/v2\/users\/2"}],"replies":[{"embeddable":true,"href":"https:\/\/diarioavancetabasco.com\/index.php?rest_route=%2Fwp%2Fv2%2Fcomments&post=489149"}],"version-history":[{"count":1,"href":"https:\/\/diarioavancetabasco.com\/index.php?rest_route=\/wp\/v2\/posts\/489149\/revisions"}],"predecessor-version":[{"id":489151,"href":"https:\/\/diarioavancetabasco.com\/index.php?rest_route=\/wp\/v2\/posts\/489149\/revisions\/489151"}],"wp:featuredmedia":[{"embeddable":true,"href":"https:\/\/diarioavancetabasco.com\/index.php?rest_route=\/wp\/v2\/media\/489150"}],"wp:attachment":[{"href":"https:\/\/diarioavancetabasco.com\/index.php?rest_route=%2Fwp%2Fv2%2Fmedia&parent=489149"}],"wp:term":[{"taxonomy":"category","embeddable":true,"href":"https:\/\/diarioavancetabasco.com\/index.php?rest_route=%2Fwp%2Fv2%2Fcategories&post=489149"},{"taxonomy":"post_tag","embeddable":true,"href":"https:\/\/diarioavancetabasco.com\/index.php?rest_route=%2Fwp%2Fv2%2Ftags&post=489149"}],"curies":[{"name":"wp","href":"https:\/\/api.w.org\/{rel}","templated":true}]}}