{"id":489170,"date":"2025-12-20T10:31:04","date_gmt":"2025-12-20T16:31:04","guid":{"rendered":"https:\/\/diarioavancetabasco.com\/?p=489170"},"modified":"2025-12-20T10:31:04","modified_gmt":"2025-12-20T16:31:04","slug":"papa-leon-xiv-convoca-a-su-primer-consistorio-extraordinario-busca-reforzar-la-comunion-con-los-cardenales","status":"publish","type":"post","link":"https:\/\/diarioavancetabasco.com\/?p=489170","title":{"rendered":"Papa Le\u00f3n XIV convoca a su primer consistorio extraordinario; busca reforzar la comuni\u00f3n con los cardenales"},"content":{"rendered":"\n<p class=\"has-vivid-red-color has-text-color has-link-color wp-elements-6af77b6b077c770ed041ffa74b58841a\" style=\"font-size:22px\">Este encuentro con los miembros del Colegio Cardenalicio se llevar\u00e1 a cabo inmediatamente despu\u00e9s del cierre del Jubileo de la Esperanza, que culminar\u00e1 con el cierre de la Puerta Santa en la Bas\u00edlica de San Pedro el 6 de enero<\/p>\n\n\n\n<p>Agencia\/Ciudad del Vaticano)<\/p>\n\n\n\n<p>Le\u00f3n XIV convoc\u00f3 el primer consistorio extraordinario de su pontificado, que se celebrar\u00e1 los pr\u00f3ximos 7 y 8 de enero de 2026 en el Vaticano, con el objetivo de reforzar la comuni\u00f3n entre el papa y los cardenales, inform\u00f3 este s\u00e1bado la Santa Sede.<\/p>\n\n\n\n<p>\u00abEl Santo Padre ha convocado el primer consistorio extraordinario de su pontificado, que se celebrar\u00e1 los d\u00edas 7 y 8 de enero de 2026\u00bb, se lee en el comunicado de la oficina de prensa del Vaticano.<\/p>\n\n\n\n<p>Este encuentro con los miembros del Colegio Cardenalicio se llevar\u00e1 a cabo inmediatamente despu\u00e9s del cierre del Jubileo de la Esperanza, que culminar\u00e1 con el cierre de la Puerta Santa en la Bas\u00edlica de San Pedro el 6 de enero.<\/p>\n\n\n\n<p>Seg\u00fan se detalla en el comunicado, el consistorio se desarrollar\u00e1 a lo largo de dos jornadas y estar\u00e1 caracterizado por \u00abmomentos de comuni\u00f3n y fraternidad, as\u00ed como por tiempos dedicados a la reflexi\u00f3n, al compartir y a la oraci\u00f3n\u00bb.<\/p>\n\n\n\n<p style=\"font-size:20px\"><strong>CONSISTORIO PARA \u00abREFORZAR LA COMUNI\u00d3N\u00bb ENTRE PAPA Y CARDENALES<\/strong><\/p>\n\n\n\n<p>Dichos momentos, contin\u00faa la nota, \u00abestar\u00e1n orientados a favorecer un discernimiento com\u00fan y a ofrecer apoyo y consejo\u00bb a Le\u00f3n XIV en el ejercicio de su responsabilidad al frente de la Iglesia cat\u00f3lica.<\/p>\n\n\n\n<p>\u00abEl consistorio se sit\u00faa en el contexto de la vida y misi\u00f3n de la Iglesia, y tiene como finalidad reforzar la comuni\u00f3n entre el Obispo de Roma y los cardenales, llamados a colaborar en la solicitud por el bien de la Iglesia universal\u00bb, agrega.<\/p>\n\n\n\n<p>Este evento extraordinario ser\u00e1 el primero que celebre la Santa Sede tras el que convoc\u00f3 el papa Francisco en agosto de 2022 para debatir sobre la Curia Romana y crear nuevos cardenales.<\/p>\n\n\n\n<p>Le\u00f3n XIV ya celebr\u00f3 su primer consistorio ordinario el pasado 13 de junio para tratar sobre algunas causas de canonizaci\u00f3n.<\/p>\n","protected":false},"excerpt":{"rendered":"<p>Este encuentro con los miembros del Colegio Cardenalicio se llevar\u00e1 a cabo inmediatamente despu\u00e9s del cierre del Jubileo de la Esperanza, que culminar\u00e1 con el cierre de la Puerta Santa en la Bas\u00edlica de San Pedro el 6 de enero Agencia\/Ciudad del Vaticano) Le\u00f3n XIV convoc\u00f3 el primer consistorio extraordinario de su pontificado, que se [&hellip;]<\/p>\n","protected":false},"author":2,"featured_media":489171,"comment_status":"closed","ping_status":"closed","sticky":false,"template":"","format":"standard","meta":{"footnotes":""},"categories":[63],"tags":[],"class_list":["post-489170","post","type-post","status-publish","format-standard","has-post-thumbnail","hentry","category-el-mundo"],"_links":{"self":[{"href":"https:\/\/diarioavancetabasco.com\/index.php?rest_route=\/wp\/v2\/posts\/489170","targetHints":{"allow":["GET"]}}],"collection":[{"href":"https:\/\/diarioavancetabasco.com\/index.php?rest_route=\/wp\/v2\/posts"}],"about":[{"href":"https:\/\/diarioavancetabasco.com\/index.php?rest_route=\/wp\/v2\/types\/post"}],"author":[{"embeddable":true,"href":"https:\/\/diarioavancetabasco.com\/index.php?rest_route=\/wp\/v2\/users\/2"}],"replies":[{"embeddable":true,"href":"https:\/\/diarioavancetabasco.com\/index.php?rest_route=%2Fwp%2Fv2%2Fcomments&post=489170"}],"version-history":[{"count":1,"href":"https:\/\/diarioavancetabasco.com\/index.php?rest_route=\/wp\/v2\/posts\/489170\/revisions"}],"predecessor-version":[{"id":489172,"href":"https:\/\/diarioavancetabasco.com\/index.php?rest_route=\/wp\/v2\/posts\/489170\/revisions\/489172"}],"wp:featuredmedia":[{"embeddable":true,"href":"https:\/\/diarioavancetabasco.com\/index.php?rest_route=\/wp\/v2\/media\/489171"}],"wp:attachment":[{"href":"https:\/\/diarioavancetabasco.com\/index.php?rest_route=%2Fwp%2Fv2%2Fmedia&parent=489170"}],"wp:term":[{"taxonomy":"category","embeddable":true,"href":"https:\/\/diarioavancetabasco.com\/index.php?rest_route=%2Fwp%2Fv2%2Fcategories&post=489170"},{"taxonomy":"post_tag","embeddable":true,"href":"https:\/\/diarioavancetabasco.com\/index.php?rest_route=%2Fwp%2Fv2%2Ftags&post=489170"}],"curies":[{"name":"wp","href":"https:\/\/api.w.org\/{rel}","templated":true}]}}