{"id":489206,"date":"2025-12-22T00:00:00","date_gmt":"2025-12-22T06:00:00","guid":{"rendered":"https:\/\/diarioavancetabasco.com\/?p=489206"},"modified":"2025-12-21T20:25:45","modified_gmt":"2025-12-22T02:25:45","slug":"da-gobierno-del-pueblo-certeza-juridica-a-escuelas","status":"publish","type":"post","link":"https:\/\/diarioavancetabasco.com\/?p=489206","title":{"rendered":"Da Gobierno del Pueblo certeza jur\u00eddica a escuelas\u00a0"},"content":{"rendered":"\n<p style=\"font-size:20px\"><strong>Redacci\u00f3n\/Avance<\/strong><\/p>\n\n\n\n<p>En un hecho hist\u00f3rico sin precedentes, en el Sal\u00f3n Jos\u00e9 Gorostiza, del Palacio de Gobierno, directores y encargados de escuelas, fueron convocados, antes de salir de vacaciones, por el Gobernador Javier May Rodr\u00edguez, para recibir de sus propias manos el documento jur\u00eddico que saca a sus centros escolares del limbo en que se encontraban, y les abre la posibilidad para acceder a los recursos de la federaci\u00f3n y mejorar su infraestructura.<\/p>\n\n\n\n<p>Entre las 53 autoridades escolares convocadas de todo el estado, hay directoras que representan planteles que durante media centuria lucharon para conseguir el tan ansiado documento. Incluso, hubo quienes se jubilaron sin alcanzar a vivir este hist\u00f3rico momento, sus relevos tomaron las gestiones, pero ya no tuvieron que esperar otras d\u00e9cadas m\u00e1s para ver cumplidos sus sue\u00f1os.<\/p>\n\n\n\n<p>\u201cAgradezco al Gobierno que le d\u00e9 certeza jur\u00eddica a la Escuela Secundaria T\u00e9cnica n\u00famero 25, que est\u00e1 ubicada en la cabecera municipal de Cunduac\u00e1n, en la cual est\u00e1n matriculados m\u00e1s de 1 mil 500 alumnos, justamente cuando vamos a cumplir 50 a\u00f1os, en el pr\u00f3ximo 2026\u201d, explica la encargada del centro escolar, Marylin Mercedes Gamboa.<\/p>\n\n\n\n<p>La supervisora se\u00f1ala que el director anterior, Rub\u00e9n P\u00e9rez, \u201daprovech\u00f3 la oportunidad que este gobierno nos da, y se dedic\u00f3 a cubrir toda la informaci\u00f3n y los requisitos\u201d. La escuela es la m\u00e1s grande de aquella zona.&nbsp;<\/p>\n","protected":false},"excerpt":{"rendered":"<p>Redacci\u00f3n\/Avance En un hecho hist\u00f3rico sin precedentes, en el Sal\u00f3n Jos\u00e9 Gorostiza, del Palacio de Gobierno, directores y encargados de escuelas, fueron convocados, antes de salir de vacaciones, por el Gobernador Javier May Rodr\u00edguez, para recibir de sus propias manos el documento jur\u00eddico que saca a sus centros escolares del limbo en que se encontraban, [&hellip;]<\/p>\n","protected":false},"author":2,"featured_media":489207,"comment_status":"closed","ping_status":"closed","sticky":false,"template":"","format":"standard","meta":{"footnotes":""},"categories":[57],"tags":[],"class_list":["post-489206","post","type-post","status-publish","format-standard","has-post-thumbnail","hentry","category-local"],"_links":{"self":[{"href":"https:\/\/diarioavancetabasco.com\/index.php?rest_route=\/wp\/v2\/posts\/489206","targetHints":{"allow":["GET"]}}],"collection":[{"href":"https:\/\/diarioavancetabasco.com\/index.php?rest_route=\/wp\/v2\/posts"}],"about":[{"href":"https:\/\/diarioavancetabasco.com\/index.php?rest_route=\/wp\/v2\/types\/post"}],"author":[{"embeddable":true,"href":"https:\/\/diarioavancetabasco.com\/index.php?rest_route=\/wp\/v2\/users\/2"}],"replies":[{"embeddable":true,"href":"https:\/\/diarioavancetabasco.com\/index.php?rest_route=%2Fwp%2Fv2%2Fcomments&post=489206"}],"version-history":[{"count":1,"href":"https:\/\/diarioavancetabasco.com\/index.php?rest_route=\/wp\/v2\/posts\/489206\/revisions"}],"predecessor-version":[{"id":489208,"href":"https:\/\/diarioavancetabasco.com\/index.php?rest_route=\/wp\/v2\/posts\/489206\/revisions\/489208"}],"wp:featuredmedia":[{"embeddable":true,"href":"https:\/\/diarioavancetabasco.com\/index.php?rest_route=\/wp\/v2\/media\/489207"}],"wp:attachment":[{"href":"https:\/\/diarioavancetabasco.com\/index.php?rest_route=%2Fwp%2Fv2%2Fmedia&parent=489206"}],"wp:term":[{"taxonomy":"category","embeddable":true,"href":"https:\/\/diarioavancetabasco.com\/index.php?rest_route=%2Fwp%2Fv2%2Fcategories&post=489206"},{"taxonomy":"post_tag","embeddable":true,"href":"https:\/\/diarioavancetabasco.com\/index.php?rest_route=%2Fwp%2Fv2%2Ftags&post=489206"}],"curies":[{"name":"wp","href":"https:\/\/api.w.org\/{rel}","templated":true}]}}