{"id":489233,"date":"2025-12-22T11:17:25","date_gmt":"2025-12-22T17:17:25","guid":{"rendered":"https:\/\/diarioavancetabasco.com\/?p=489233"},"modified":"2025-12-22T11:17:25","modified_gmt":"2025-12-22T17:17:25","slug":"dia-mundial-del-termometro-un-instrumento-clave-para-medir-la-vida-cotidiana","status":"publish","type":"post","link":"https:\/\/diarioavancetabasco.com\/?p=489233","title":{"rendered":"D\u00eda Mundial del Term\u00f3metro, un instrumento clave para medir la vida cotidiana"},"content":{"rendered":"\n<p class=\"has-vivid-red-color has-text-color has-link-color wp-elements-4a14292ff45fae1945f8227ba433bbbd\" style=\"font-size:22px\">La historia del term\u00f3metro es una evoluci\u00f3n desde antiguos termoscopios griegos hasta los digitales, destacando a Galileo Galilei (siglo XVI) por perfeccionar el termoscopio (tubo con agua\/aire) y Santorio Santorio (1612) por a\u00f1adirle una escala rudimentaria, pero fue Daniel Gabriel Fahrenheit (1714) quien cre\u00f3 el term\u00f3metro de mercurio<\/p>\n\n\n\n<p><strong>David Morales\/Avance<\/strong><\/p>\n\n\n\n<p>El D\u00eda Mundial del Term\u00f3metro se conmemora para reconocer la importancia de uno de los instrumentos cient\u00edficos m\u00e1s utilizados en la vida diaria. Su funci\u00f3n de medir la temperatura ha sido fundamental para el desarrollo de la ciencia, la medicina y la comprensi\u00f3n de los fen\u00f3menos naturales que afectan directamente a la sociedad.<\/p>\n\n\n\n<p>La historia del term\u00f3metro se remonta a los avances cient\u00edficos del siglo XVII. Estudios hist\u00f3ricos de la f\u00edsica y documentos de instituciones cient\u00edficas europeas atribuyen a Galileo Galilei la creaci\u00f3n del termoscopio, precursor del term\u00f3metro moderno. Posteriormente, cient\u00edficos como Daniel Gabriel Fahrenheit y Anders Celsius desarrollaron escalas que permitieron estandarizar la medici\u00f3n t\u00e9rmica.<\/p>\n\n\n\n<p>En el \u00e1mbito m\u00e9dico, textos t\u00e9cnicos de la Organizaci\u00f3n Mundial de la Salud y manuales de pr\u00e1ctica cl\u00ednica destacan al term\u00f3metro como una herramienta b\u00e1sica para el diagn\u00f3stico y seguimiento de enfermedades. La medici\u00f3n precisa de la temperatura corporal ha sido clave para identificar infecciones, procesos inflamatorios y estados de emergencia sanitaria.<\/p>\n\n\n\n<p>Desde la ciencia y la industria, organismos internacionales de metrolog\u00eda se\u00f1alan que la medici\u00f3n de la temperatura es esencial para procesos qu\u00edmicos, industriales y ambientales. Instituciones como la Oficina Internacional de Pesas y Medidas subrayan que el control t\u00e9rmico garantiza seguridad, calidad y precisi\u00f3n en m\u00faltiples actividades productivas.<\/p>\n\n\n\n<p>El D\u00eda Mundial del Term\u00f3metro invita a valorar la importancia de la medici\u00f3n cient\u00edfica en la vida cotidiana. La efem\u00e9ride recuerda que detr\u00e1s de un instrumento aparentemente simple existe una larga historia de investigaci\u00f3n, estandarizaci\u00f3n y conocimiento que sigue siendo indispensable en la actualidad.<\/p>\n","protected":false},"excerpt":{"rendered":"<p>La historia del term\u00f3metro es una evoluci\u00f3n desde antiguos termoscopios griegos hasta los digitales, destacando a Galileo Galilei (siglo XVI) por perfeccionar el termoscopio (tubo con agua\/aire) y Santorio Santorio (1612) por a\u00f1adirle una escala rudimentaria, pero fue Daniel Gabriel Fahrenheit (1714) quien cre\u00f3 el term\u00f3metro de mercurio David Morales\/Avance El D\u00eda Mundial del Term\u00f3metro [&hellip;]<\/p>\n","protected":false},"author":2,"featured_media":489234,"comment_status":"closed","ping_status":"closed","sticky":false,"template":"","format":"standard","meta":{"footnotes":""},"categories":[17],"tags":[],"class_list":["post-489233","post","type-post","status-publish","format-standard","has-post-thumbnail","hentry","category-de-interes"],"_links":{"self":[{"href":"https:\/\/diarioavancetabasco.com\/index.php?rest_route=\/wp\/v2\/posts\/489233","targetHints":{"allow":["GET"]}}],"collection":[{"href":"https:\/\/diarioavancetabasco.com\/index.php?rest_route=\/wp\/v2\/posts"}],"about":[{"href":"https:\/\/diarioavancetabasco.com\/index.php?rest_route=\/wp\/v2\/types\/post"}],"author":[{"embeddable":true,"href":"https:\/\/diarioavancetabasco.com\/index.php?rest_route=\/wp\/v2\/users\/2"}],"replies":[{"embeddable":true,"href":"https:\/\/diarioavancetabasco.com\/index.php?rest_route=%2Fwp%2Fv2%2Fcomments&post=489233"}],"version-history":[{"count":1,"href":"https:\/\/diarioavancetabasco.com\/index.php?rest_route=\/wp\/v2\/posts\/489233\/revisions"}],"predecessor-version":[{"id":489235,"href":"https:\/\/diarioavancetabasco.com\/index.php?rest_route=\/wp\/v2\/posts\/489233\/revisions\/489235"}],"wp:featuredmedia":[{"embeddable":true,"href":"https:\/\/diarioavancetabasco.com\/index.php?rest_route=\/wp\/v2\/media\/489234"}],"wp:attachment":[{"href":"https:\/\/diarioavancetabasco.com\/index.php?rest_route=%2Fwp%2Fv2%2Fmedia&parent=489233"}],"wp:term":[{"taxonomy":"category","embeddable":true,"href":"https:\/\/diarioavancetabasco.com\/index.php?rest_route=%2Fwp%2Fv2%2Fcategories&post=489233"},{"taxonomy":"post_tag","embeddable":true,"href":"https:\/\/diarioavancetabasco.com\/index.php?rest_route=%2Fwp%2Fv2%2Ftags&post=489233"}],"curies":[{"name":"wp","href":"https:\/\/api.w.org\/{rel}","templated":true}]}}