{"id":489236,"date":"2025-12-22T11:22:14","date_gmt":"2025-12-22T17:22:14","guid":{"rendered":"https:\/\/diarioavancetabasco.com\/?p=489236"},"modified":"2025-12-22T11:22:14","modified_gmt":"2025-12-22T17:22:14","slug":"dia-nacional-del-agente-de-transito-y-vialidad-una-labor-clave-para-la-seguridad-publica","status":"publish","type":"post","link":"https:\/\/diarioavancetabasco.com\/?p=489236","title":{"rendered":"D\u00eda Nacional del Agente de Tr\u00e1nsito y Vialidad, una labor clave para la seguridad p\u00fablica"},"content":{"rendered":"\n<p class=\"has-vivid-red-color has-text-color has-link-color wp-elements-423b1f182a73cd7a2aad2832233d6c9f\" style=\"font-size:22px\">El origen de esta funci\u00f3n se remonta a la consolidaci\u00f3n de las ciudades modernas explican que los primeros cuerpos de tr\u00e1nsito surgieron con la expansi\u00f3n del uso del autom\u00f3vil a inicios del siglo XX<\/p>\n\n\n\n<p><strong>David Morales\/Avance<\/strong><\/p>\n\n\n\n<p>El D\u00eda Nacional del Agente de Tr\u00e1nsito y Vialidad se conmemora en M\u00e9xico para reconocer la labor de quienes regulan la movilidad y el orden en las v\u00edas p\u00fablicas. La fecha busca visibilizar un trabajo fundamental para la seguridad ciudadana, la prevenci\u00f3n de accidentes y la convivencia cotidiana en espacios urbanos y carreteros.<\/p>\n\n\n\n<p>Desde el marco institucional, documentos normativos de la Secretar\u00eda de Infraestructura, Comunicaciones y Transportes y de autoridades estatales de movilidad se\u00f1alan que la funci\u00f3n del agente de tr\u00e1nsito va m\u00e1s all\u00e1 de sancionar. Su labor incluye la educaci\u00f3n vial, la gesti\u00f3n del flujo vehicular y la atenci\u00f3n inmediata en situaciones de emergencia o riesgo.<\/p>\n\n\n\n<p>El origen de esta funci\u00f3n se remonta a la consolidaci\u00f3n de las ciudades modernas. Estudios hist\u00f3ricos sobre administraci\u00f3n p\u00fablica y movilidad urbana explican que los primeros cuerpos de tr\u00e1nsito surgieron con la expansi\u00f3n del uso del autom\u00f3vil a inicios del siglo XX, cuando fue necesario establecer normas claras para el uso compartido de calles y caminos<\/p>\n\n\n\n<p>En M\u00e9xico, la regulaci\u00f3n vial se fortaleci\u00f3 con la creaci\u00f3n de leyes y reglamentos de tr\u00e1nsito estatales y municipales. Investigaciones acad\u00e9micas en derecho administrativo destacan que estos marcos legales buscan proteger la vida, garantizar el derecho a la movilidad y reducir la siniestralidad, tareas en las que los agentes de tr\u00e1nsito cumplen un papel operativo central.<\/p>\n\n\n\n<p>El D\u00eda Nacional del Agente de Tr\u00e1nsito y Vialidad invita a reflexionar sobre la importancia del respeto a las normas viales. La efem\u00e9ride recuerda que la seguridad en las calles no depende s\u00f3lo de la autoridad, sino tambi\u00e9n de la corresponsabilidad entre conductores, peatones y quienes diariamente trabajan para mantener el orden y la prevenci\u00f3n en la v\u00eda p\u00fablica.<\/p>\n","protected":false},"excerpt":{"rendered":"<p>El origen de esta funci\u00f3n se remonta a la consolidaci\u00f3n de las ciudades modernas explican que los primeros cuerpos de tr\u00e1nsito surgieron con la expansi\u00f3n del uso del autom\u00f3vil a inicios del siglo XX David Morales\/Avance El D\u00eda Nacional del Agente de Tr\u00e1nsito y Vialidad se conmemora en M\u00e9xico para reconocer la labor de quienes [&hellip;]<\/p>\n","protected":false},"author":2,"featured_media":489237,"comment_status":"closed","ping_status":"closed","sticky":false,"template":"","format":"standard","meta":{"footnotes":""},"categories":[48],"tags":[],"class_list":["post-489236","post","type-post","status-publish","format-standard","has-post-thumbnail","hentry","category-cultura"],"_links":{"self":[{"href":"https:\/\/diarioavancetabasco.com\/index.php?rest_route=\/wp\/v2\/posts\/489236","targetHints":{"allow":["GET"]}}],"collection":[{"href":"https:\/\/diarioavancetabasco.com\/index.php?rest_route=\/wp\/v2\/posts"}],"about":[{"href":"https:\/\/diarioavancetabasco.com\/index.php?rest_route=\/wp\/v2\/types\/post"}],"author":[{"embeddable":true,"href":"https:\/\/diarioavancetabasco.com\/index.php?rest_route=\/wp\/v2\/users\/2"}],"replies":[{"embeddable":true,"href":"https:\/\/diarioavancetabasco.com\/index.php?rest_route=%2Fwp%2Fv2%2Fcomments&post=489236"}],"version-history":[{"count":1,"href":"https:\/\/diarioavancetabasco.com\/index.php?rest_route=\/wp\/v2\/posts\/489236\/revisions"}],"predecessor-version":[{"id":489238,"href":"https:\/\/diarioavancetabasco.com\/index.php?rest_route=\/wp\/v2\/posts\/489236\/revisions\/489238"}],"wp:featuredmedia":[{"embeddable":true,"href":"https:\/\/diarioavancetabasco.com\/index.php?rest_route=\/wp\/v2\/media\/489237"}],"wp:attachment":[{"href":"https:\/\/diarioavancetabasco.com\/index.php?rest_route=%2Fwp%2Fv2%2Fmedia&parent=489236"}],"wp:term":[{"taxonomy":"category","embeddable":true,"href":"https:\/\/diarioavancetabasco.com\/index.php?rest_route=%2Fwp%2Fv2%2Fcategories&post=489236"},{"taxonomy":"post_tag","embeddable":true,"href":"https:\/\/diarioavancetabasco.com\/index.php?rest_route=%2Fwp%2Fv2%2Ftags&post=489236"}],"curies":[{"name":"wp","href":"https:\/\/api.w.org\/{rel}","templated":true}]}}