{"id":489242,"date":"2025-12-22T11:47:55","date_gmt":"2025-12-22T17:47:55","guid":{"rendered":"https:\/\/diarioavancetabasco.com\/?p=489242"},"modified":"2025-12-22T11:47:55","modified_gmt":"2025-12-22T17:47:55","slug":"sheinbaum-vacacionara-en-acapulco-garantiza-apoyo-federal-para-feria-de-chilpancingo","status":"publish","type":"post","link":"https:\/\/diarioavancetabasco.com\/?p=489242","title":{"rendered":"Sheinbaum vacacionar\u00e1 en Acapulco; garantiza apoyo federal para Feria de Chilpancingo"},"content":{"rendered":"\n<p class=\"has-vivid-red-color has-text-color has-link-color wp-elements-eb2efcb67c4b2d2abf3a3ba5524a6f2a\" style=\"font-size:22px\">Estamos atentos, sobre todo a trav\u00e9s del gobierno del estado, para reforzar cualquier necesidad que tenga el municipio de Chilpancingo para esta feria<\/p>\n\n\n\n<p><strong>Agencia\/Ciudad de M\u00e9xico<\/strong><\/p>\n\n\n\n<p>Ante los cuestionamientos por la situaci\u00f3n de inseguridad en Guerrero y la realizaci\u00f3n de la Feria de Navidad y A\u00f1o Nuevo Chilpancingo 2025, la presidenta Claudia Sheinbaum asegur\u00f3 que el gobierno federal estar\u00e1 atento y brindar\u00e1 apoyo al municipio para garantizar el desarrollo del evento.<\/p>\n\n\n\n<p>La Mandataria explic\u00f3 que el acompa\u00f1amiento se realiza principalmente a trav\u00e9s del gobierno del estado, pero dej\u00f3 claro que existe disposici\u00f3n para reforzar cualquier necesidad adicional que se presente durante la celebraci\u00f3n.<\/p>\n\n\n\n<p>\u201cS\u00ed, estamos atentos, sobre todo a trav\u00e9s del gobierno del estado, para reforzar cualquier necesidad que tenga el municipio de Chilpancingo para esta feria. Hubo que si se iba a hacer, que si no, que s\u00ed; finalmente se tom\u00f3 la decisi\u00f3n de que se hiciera y vamos a estar apoyando ah\u00ed en todo lo que se necesita a Chilpancingo\u201d, afirm\u00f3.<\/p>\n\n\n\n<p>Sheinbaum record\u00f3 que recientemente visit\u00f3 la capital guerrerense y subray\u00f3 que, de ser necesario, volver\u00e1 a recorrer la regi\u00f3n, como parte de la estrategia de cercan\u00eda territorial de su administraci\u00f3n.<\/p>\n\n\n\n<p>\u201cFui hace poco y, de ser necesario, por supuesto visitamos todo el pa\u00eds\u201d, se\u00f1al\u00f3.<\/p>\n\n\n\n<p>Asimismo, adelant\u00f3 que en los pr\u00f3ximos d\u00edas presentar\u00e1 un balance de los recorridos realizados durante el a\u00f1o, que incluir\u00e1 kil\u00f3metros recorridos, municipios visitados, as\u00ed como un resumen de inauguraciones, programas sociales y acciones dirigidas a pueblos ind\u00edgenas.<\/p>\n\n\n\n<p>&nbsp;\u201cMa\u00f1ana les voy a platicar la cantidad de kil\u00f3metros que recorrimos este a\u00f1o y todos los municipios que visitamos\u2026 pero s\u00ed, vamos a estar apoyando a Chilpancingo\u201d, puntualiz\u00f3.<\/p>\n\n\n\n<p>Ante la Feria de Navidad y A\u00f1o Nuevo Chilpancingo 2025 se realiza en el marco del 200 aniversario de la ciudad, por lo que autoridades de los tres \u00f3rdenes de gobierno implementaron un amplio despliegue operativo de prevenci\u00f3n y vigilancia, como parte de un esfuerzo de coordinaci\u00f3n interinstitucional previo al inicio de las festividades.<\/p>\n\n\n\n<p>SHEINBAUM SE VA DE VACACIONES A ACAPULCO<\/p>\n\n\n\n<p>La presidenta Claudia Sheinbaum Pardo inform\u00f3 que, aprovechar\u00e1 la \u00e9poca navide\u00f1a para irse de vacaciones tres d\u00edas a Acapulco, Guerrero.<\/p>\n\n\n\n<p>Mientras era cuestionada sobre la inseguridad en el municipio de Chilpancingo, la presidenta Claudia Sheinbaum aprovech\u00f3 para mencionar que acudir\u00e1 25, 26 y 27 de diciembre<\/p>\n\n\n\n<p>\u00abMe voy a de vacaciones a Acapulco, tres d\u00edas\u00bb, dijo<\/p>\n\n\n\n<p>\u00ab\u00bfVa a pasar Navidad all\u00e1?\u00bb, se le pregunt\u00f3.<\/p>\n\n\n\n<p>\u00abS\u00ed, me qued\u00e9 pensando en las vacaciones\u00bb, inform\u00f3.<\/p>\n\n\n\n<p>Ante los festejos decembrinos como Navidad y A\u00f1o Nuevo, la presidenta Claudia Sheinbaum Pardo hab\u00eda informado que se tomar\u00e1 unos d\u00edas para descansar y estar con su familia.<\/p>\n\n\n\n<p>El mi\u00e9rcoles 24 de diciembre s\u00ed habr\u00e1 conferencia en el Sal\u00f3n Tesorer\u00eda, pero el jueves 25 y viernes 26 no se llevar\u00e1 a cabo: \u201cVamos a hacer puente\u201d.<\/p>\n\n\n\n<p>\u201cY pues tampoco el 1 y 2 (de enero) porque es jueves y viernes, entonces vamos a dar vacaciones a la fuente period\u00edstica de Presidencia\u00bb, indic\u00f3.<\/p>\n","protected":false},"excerpt":{"rendered":"<p>Estamos atentos, sobre todo a trav\u00e9s del gobierno del estado, para reforzar cualquier necesidad que tenga el municipio de Chilpancingo para esta feria Agencia\/Ciudad de M\u00e9xico Ante los cuestionamientos por la situaci\u00f3n de inseguridad en Guerrero y la realizaci\u00f3n de la Feria de Navidad y A\u00f1o Nuevo Chilpancingo 2025, la presidenta Claudia Sheinbaum asegur\u00f3 que [&hellip;]<\/p>\n","protected":false},"author":2,"featured_media":489243,"comment_status":"closed","ping_status":"closed","sticky":false,"template":"","format":"standard","meta":{"footnotes":""},"categories":[62],"tags":[],"class_list":["post-489242","post","type-post","status-publish","format-standard","has-post-thumbnail","hentry","category-el-pais"],"_links":{"self":[{"href":"https:\/\/diarioavancetabasco.com\/index.php?rest_route=\/wp\/v2\/posts\/489242","targetHints":{"allow":["GET"]}}],"collection":[{"href":"https:\/\/diarioavancetabasco.com\/index.php?rest_route=\/wp\/v2\/posts"}],"about":[{"href":"https:\/\/diarioavancetabasco.com\/index.php?rest_route=\/wp\/v2\/types\/post"}],"author":[{"embeddable":true,"href":"https:\/\/diarioavancetabasco.com\/index.php?rest_route=\/wp\/v2\/users\/2"}],"replies":[{"embeddable":true,"href":"https:\/\/diarioavancetabasco.com\/index.php?rest_route=%2Fwp%2Fv2%2Fcomments&post=489242"}],"version-history":[{"count":1,"href":"https:\/\/diarioavancetabasco.com\/index.php?rest_route=\/wp\/v2\/posts\/489242\/revisions"}],"predecessor-version":[{"id":489244,"href":"https:\/\/diarioavancetabasco.com\/index.php?rest_route=\/wp\/v2\/posts\/489242\/revisions\/489244"}],"wp:featuredmedia":[{"embeddable":true,"href":"https:\/\/diarioavancetabasco.com\/index.php?rest_route=\/wp\/v2\/media\/489243"}],"wp:attachment":[{"href":"https:\/\/diarioavancetabasco.com\/index.php?rest_route=%2Fwp%2Fv2%2Fmedia&parent=489242"}],"wp:term":[{"taxonomy":"category","embeddable":true,"href":"https:\/\/diarioavancetabasco.com\/index.php?rest_route=%2Fwp%2Fv2%2Fcategories&post=489242"},{"taxonomy":"post_tag","embeddable":true,"href":"https:\/\/diarioavancetabasco.com\/index.php?rest_route=%2Fwp%2Fv2%2Ftags&post=489242"}],"curies":[{"name":"wp","href":"https:\/\/api.w.org\/{rel}","templated":true}]}}