{"id":489254,"date":"2025-12-22T12:17:19","date_gmt":"2025-12-22T18:17:19","guid":{"rendered":"https:\/\/diarioavancetabasco.com\/?p=489254"},"modified":"2025-12-22T12:17:20","modified_gmt":"2025-12-22T18:17:20","slug":"talina-ferrer-nueva-titular-de-finanzas-sustituye-a-adrian-magana","status":"publish","type":"post","link":"https:\/\/diarioavancetabasco.com\/?p=489254","title":{"rendered":"Talina Ferrer, nueva titular de Finanzas, sustituye a Adri\u00e1n Maga\u00f1a"},"content":{"rendered":"\n<p class=\"has-vivid-red-color has-text-color has-link-color wp-elements-63afec43e59acc835f4d25d448eb2824\" style=\"font-size:22px\">Talina Ferrer dijo que se cuidar\u00e1 cada peso del presupuesto para destinarlo a reducir las desigualdades sociales y en favor de los que menos tienen, a los programas sociales y al fortalecimiento de la seguridad p\u00fablica<\/p>\n\n\n\n<p><strong>Agencia\/SIT\/AVANCE<\/strong><\/p>\n\n\n\n<p>Talina Ferrer Cadenas asumi\u00f3 como titular de la Secretar\u00eda de Administraci\u00f3n y Finanzas del gobierno de Tabasco y anunci\u00f3 un proyecto de siete ejes para el fortalecimiento de la dependencia.<\/p>\n\n\n\n<p>El ejercicio del gasto honesto y responsable; disciplina financiera y estabilidad presupuestal; el fortalecimiento de los ingresos del gobierno estatal; la modernizaci\u00f3n de la administraci\u00f3n p\u00fablica; visi\u00f3n del bienestar; desarrollo incluyente y mejorar la coordinaci\u00f3n interinstitucional, son parte de los ejes que se implementar\u00e1n en esa secretar\u00eda, luego de que el gobernador Javier May Rodr\u00edguez la designara como titular de la dependencia.<\/p>\n\n\n\n<p>Ella sustituye al frente de la Secretar\u00eda de Administraci\u00f3n y Finanzas a Adr\u00edan Maga\u00f1a, subsecretario de Egresos que estaba como encargado de despacho.<\/p>\n\n\n\n<p>Maga\u00f1a estaba como encargado tras la renuncia de Juli\u00e1n Romero Oropeza a inicios de octubre pasado.<\/p>\n\n\n\n<p>En la conferencia de prensa de Palacio de Gobierno, Talina Ferrer dijo que se cuidar\u00e1 cada peso del presupuesto para destinarlo a reducir las desigualdades sociales y en favor de los que menos tienen, a los programas sociales y al fortalecimiento de la seguridad p\u00fablica.<\/p>\n\n\n\n<p>Los recursos de la ciudadan\u00eda deben ser cuidados, respetados y aplicados con responsabilidad, sostuvo la ex subsecretaria de Desarrollo Econ\u00f3mico.<\/p>\n\n\n\n<p>Manifest\u00f3 que se fortalecer\u00e1 la austeridad y el combate a la corrupci\u00f3n, y advirti\u00f3 que no se tolerar\u00e1 el desv\u00edo de recursos p\u00fablicos para fines ajenos al bienestar de la gente.<\/p>\n\n\n\n<p>Mejorar\u00e1n las condiciones para la inversi\u00f3n productiva y la prosperidad de Tabasco. &#8216;Lo mejor est\u00e1 por venir\u00bb, subray\u00f3.<\/p>\n","protected":false},"excerpt":{"rendered":"<p>Talina Ferrer dijo que se cuidar\u00e1 cada peso del presupuesto para destinarlo a reducir las desigualdades sociales y en favor de los que menos tienen, a los programas sociales y al fortalecimiento de la seguridad p\u00fablica Agencia\/SIT\/AVANCE Talina Ferrer Cadenas asumi\u00f3 como titular de la Secretar\u00eda de Administraci\u00f3n y Finanzas del gobierno de Tabasco y [&hellip;]<\/p>\n","protected":false},"author":2,"featured_media":489256,"comment_status":"closed","ping_status":"closed","sticky":false,"template":"","format":"standard","meta":{"footnotes":""},"categories":[9],"tags":[],"class_list":["post-489254","post","type-post","status-publish","format-standard","has-post-thumbnail","hentry","category-politica"],"_links":{"self":[{"href":"https:\/\/diarioavancetabasco.com\/index.php?rest_route=\/wp\/v2\/posts\/489254","targetHints":{"allow":["GET"]}}],"collection":[{"href":"https:\/\/diarioavancetabasco.com\/index.php?rest_route=\/wp\/v2\/posts"}],"about":[{"href":"https:\/\/diarioavancetabasco.com\/index.php?rest_route=\/wp\/v2\/types\/post"}],"author":[{"embeddable":true,"href":"https:\/\/diarioavancetabasco.com\/index.php?rest_route=\/wp\/v2\/users\/2"}],"replies":[{"embeddable":true,"href":"https:\/\/diarioavancetabasco.com\/index.php?rest_route=%2Fwp%2Fv2%2Fcomments&post=489254"}],"version-history":[{"count":1,"href":"https:\/\/diarioavancetabasco.com\/index.php?rest_route=\/wp\/v2\/posts\/489254\/revisions"}],"predecessor-version":[{"id":489257,"href":"https:\/\/diarioavancetabasco.com\/index.php?rest_route=\/wp\/v2\/posts\/489254\/revisions\/489257"}],"wp:featuredmedia":[{"embeddable":true,"href":"https:\/\/diarioavancetabasco.com\/index.php?rest_route=\/wp\/v2\/media\/489256"}],"wp:attachment":[{"href":"https:\/\/diarioavancetabasco.com\/index.php?rest_route=%2Fwp%2Fv2%2Fmedia&parent=489254"}],"wp:term":[{"taxonomy":"category","embeddable":true,"href":"https:\/\/diarioavancetabasco.com\/index.php?rest_route=%2Fwp%2Fv2%2Fcategories&post=489254"},{"taxonomy":"post_tag","embeddable":true,"href":"https:\/\/diarioavancetabasco.com\/index.php?rest_route=%2Fwp%2Fv2%2Ftags&post=489254"}],"curies":[{"name":"wp","href":"https:\/\/api.w.org\/{rel}","templated":true}]}}