{"id":489291,"date":"2025-12-23T12:07:21","date_gmt":"2025-12-23T18:07:21","guid":{"rendered":"https:\/\/diarioavancetabasco.com\/?p=489291"},"modified":"2025-12-23T12:07:21","modified_gmt":"2025-12-23T18:07:21","slug":"campana-encodat-contra-las-drogas-si-funciono-claudia-sheinbaum","status":"publish","type":"post","link":"https:\/\/diarioavancetabasco.com\/?p=489291","title":{"rendered":"Campa\u00f1a ENCODAT contra las drogas si funcion\u00f3: Claudia Sheinbaum"},"content":{"rendered":"\n<p style=\"font-size:22px\">El consumo no m\u00e9dico del fentanilo se redujo del 0.2 al 0.1 por ciento, mientras que en los adolescentes el uso de drogas ilegales disminuy\u00f3 del 6.2% en 2016 al 4.1% en 2025<\/p>\n\n\n\n<p><strong>Agencia\/Ciudad de M\u00e9xico<\/strong><\/p>\n\n\n\n<p>La Presidenta de M\u00e9xico, Claudia Sheinbaum Pardo, resalt\u00f3 que los resultados de la Encuesta Nacional de Consumo de Drogas, Alcohol y Tabaco (ENCODAT) 2025, que realiz\u00f3 el Instituto Nacional de Salud P\u00fablica (INSP) de la Secretar\u00eda de Salud, demuestran que es exitosa la campa\u00f1a preventiva, nacional y permanente Al\u00e9jate de las drogas. El fentanilo te mata, ya que el consumo no m\u00e9dico de este opioide disminuy\u00f3 de 0.2 a 0.1 por ciento, mientras que el uso experimental de drogas ilegales en adolescentes se redujo del 6.2 por ciento en 2016 a 4.1 por ciento en 2025.<\/p>\n\n\n\n<p>Por ello, enfatiz\u00f3, los resultados orientar\u00e1n campa\u00f1as educativas y la atenci\u00f3n m\u00e9dica que permitan disminuir el consumo de drogas y el pr\u00f3ximo a\u00f1o, la campa\u00f1a ir\u00e1 enfocada al uso de metanfetaminas.<\/p>\n\n\n\n<p>\u201cLa Encuesta nos da mucha orientaci\u00f3n de hacia d\u00f3nde tenemos que ir. Yo creo que la campa\u00f1a que hemos hecho contra el fentanilo que inicia con el expresidente L\u00f3pez Obrador ha sido muy buena: consumo no m\u00e9dico disminuye de 0.2 a 0.1, esto habla de que funciona la campa\u00f1a. Es una campa\u00f1a que no solamente es el anuncio que se hace en un espectacular, los videos que salen en la televisi\u00f3n, los audios en el radio, en fin, todos los spots que se han hecho, sino recuerden que esto ha ido a las escuelas. Entonces en las escuelas hay una campa\u00f1a muy importante para evitar el consumo de drogas donde han participado maestros, padres de familia, ha sido muy importante. Y hemos concentrado mucho el tema del fentanilo\u00bb.<\/p>\n\n\n\n<p>\u201cAhora, el pr\u00f3ximo a\u00f1o, vamos a ir a metanfetaminas, porque ha aumentado el uso de metanfetaminas y particularmente en opioides, lo que nos dice el secretario de Salud, el doctor Kershenobich, es que muy probablemente est\u00e9 asociada a algunos medicamentos\u201d, destac\u00f3 en la conferencia matutina: \u201cLas ma\u00f1aneras del pueblo\u201d.<\/p>\n\n\n\n<p>Sobre el consumo de opioides, detall\u00f3 que el aumento de 0.1 por ciento en 2016 a 1.4 por ciento en 2025, de acuerdo con la Secretar\u00eda de Salud, es muy probable que est\u00e9 asociado al uso del medicamento tramadol, analg\u00e9sico que alivia el dolor y cuya compra pod\u00eda realizarse sin receta m\u00e9dica, por lo que ya fue regulado. Adem\u00e1s de que se revisar\u00e1 el consumo de alucin\u00f3genos. Respecto a la salud mental, la jefa del Ejecutivo Federal se\u00f1al\u00f3 que es vital realizar una estrategia integral de participaci\u00f3n colectiva entre Gobierno, familias y escuelas para poder dar orientaci\u00f3n y alternativas de vida de felicidad a las y los j\u00f3venes.<\/p>\n","protected":false},"excerpt":{"rendered":"<p>El consumo no m\u00e9dico del fentanilo se redujo del 0.2 al 0.1 por ciento, mientras que en los adolescentes el uso de drogas ilegales disminuy\u00f3 del 6.2% en 2016 al 4.1% en 2025 Agencia\/Ciudad de M\u00e9xico La Presidenta de M\u00e9xico, Claudia Sheinbaum Pardo, resalt\u00f3 que los resultados de la Encuesta Nacional de Consumo de Drogas, [&hellip;]<\/p>\n","protected":false},"author":2,"featured_media":489292,"comment_status":"closed","ping_status":"closed","sticky":false,"template":"","format":"standard","meta":{"footnotes":""},"categories":[62],"tags":[],"class_list":["post-489291","post","type-post","status-publish","format-standard","has-post-thumbnail","hentry","category-el-pais"],"_links":{"self":[{"href":"https:\/\/diarioavancetabasco.com\/index.php?rest_route=\/wp\/v2\/posts\/489291","targetHints":{"allow":["GET"]}}],"collection":[{"href":"https:\/\/diarioavancetabasco.com\/index.php?rest_route=\/wp\/v2\/posts"}],"about":[{"href":"https:\/\/diarioavancetabasco.com\/index.php?rest_route=\/wp\/v2\/types\/post"}],"author":[{"embeddable":true,"href":"https:\/\/diarioavancetabasco.com\/index.php?rest_route=\/wp\/v2\/users\/2"}],"replies":[{"embeddable":true,"href":"https:\/\/diarioavancetabasco.com\/index.php?rest_route=%2Fwp%2Fv2%2Fcomments&post=489291"}],"version-history":[{"count":1,"href":"https:\/\/diarioavancetabasco.com\/index.php?rest_route=\/wp\/v2\/posts\/489291\/revisions"}],"predecessor-version":[{"id":489293,"href":"https:\/\/diarioavancetabasco.com\/index.php?rest_route=\/wp\/v2\/posts\/489291\/revisions\/489293"}],"wp:featuredmedia":[{"embeddable":true,"href":"https:\/\/diarioavancetabasco.com\/index.php?rest_route=\/wp\/v2\/media\/489292"}],"wp:attachment":[{"href":"https:\/\/diarioavancetabasco.com\/index.php?rest_route=%2Fwp%2Fv2%2Fmedia&parent=489291"}],"wp:term":[{"taxonomy":"category","embeddable":true,"href":"https:\/\/diarioavancetabasco.com\/index.php?rest_route=%2Fwp%2Fv2%2Fcategories&post=489291"},{"taxonomy":"post_tag","embeddable":true,"href":"https:\/\/diarioavancetabasco.com\/index.php?rest_route=%2Fwp%2Fv2%2Ftags&post=489291"}],"curies":[{"name":"wp","href":"https:\/\/api.w.org\/{rel}","templated":true}]}}