{"id":489325,"date":"2025-12-25T13:18:16","date_gmt":"2025-12-25T19:18:16","guid":{"rendered":"https:\/\/diarioavancetabasco.com\/?p=489325"},"modified":"2025-12-25T13:18:16","modified_gmt":"2025-12-25T19:18:16","slug":"la-historia-detras-del-25-de-diciembre-como-fecha-del-nacimiento-de-jesus","status":"publish","type":"post","link":"https:\/\/diarioavancetabasco.com\/?p=489325","title":{"rendered":"La historia detr\u00e1s del 25 de diciembre como fecha del nacimiento de Jes\u00fas"},"content":{"rendered":"\n<p class=\"has-vivid-red-color has-text-color has-link-color wp-elements-7c0345504aa782b581fc2a107044e089\" style=\"font-size:22px\">Uno de los datos m\u00e1s relevantes se\u00f1ala que Jes\u00fas naci\u00f3 durante el reinado de Herodes el Grande, gobernante de Judea bajo la tutela del Imperio romano, las fuentes romanas confirman que Herodes muri\u00f3 en el a\u00f1o 4 antes de nuestra era<\/p>\n\n\n\n<p><strong>Felipe Hern\u00e1ndez\/Avance<\/strong><\/p>\n\n\n\n<p>Jes\u00fas de Nazaret es el personaje que marca el inicio del calendario occidental, pero la fecha que tradicionalmente se le atribuye a su nacimiento no coincide con lo que indican los estudios hist\u00f3ricos. Aunque el a\u00f1o 1 es usado como punto de partida de la era cristiana, los investigadores sostienen que este c\u00e1lculo difiere de los hechos documentados.<\/p>\n\n\n\n<p>Las principales referencias sobre el nacimiento de Jes\u00fas provienen de los evangelios, textos religiosos que, adem\u00e1s de su valor espiritual, ofrecen pistas hist\u00f3ricas, sin embargo, estos relatos no siempre coinciden entre s\u00ed, lo que ha llevado a especialistas a contrastarlos con registros romanos y escritos de historiadores antiguos para aproximarse a una fecha m\u00e1s realista.<\/p>\n\n\n\n<p>Uno de los datos m\u00e1s relevantes se\u00f1ala que Jes\u00fas naci\u00f3 durante el reinado de Herodes el Grande, gobernante de Judea bajo la tutela del Imperio romano, las fuentes romanas confirman que Herodes muri\u00f3 en el a\u00f1o 4 antes de nuestra era, por lo que el nacimiento de Jes\u00fas debi\u00f3 ocurrir aproximadamente entre el 6 y el 5 a.C.<\/p>\n\n\n\n<p>Otro relato menciona un censo ordenado por el emperador Augusto y administrado por el gobernador romano de Siria, no obstante, este registro est\u00e1 fechado varios a\u00f1os despu\u00e9s, cuando Judea ya era una provincia romana. Esta contradicci\u00f3n ha llevado a los historiadores a considerar m\u00e1s fiable la referencia al reinado de Herodes.<\/p>\n\n\n\n<p>El desfase se explica, en parte, por un error cometido siglos despu\u00e9s, en el siglo VI, el monje Dionisio el Exiguo propuso un nuevo sistema para contar los a\u00f1os a partir del nacimiento de Cristo, pero sus c\u00e1lculos no tomaron en cuenta ciertos datos hist\u00f3ricos, lo que provoc\u00f3 un desfase de varios a\u00f1os en el calendario actual.<\/p>\n\n\n\n<p>En cuanto al 25 de diciembre, la fecha no aparece en los textos b\u00edblicos, su elecci\u00f3n tuvo m\u00e1s relaci\u00f3n con estrategias religiosas que con hechos hist\u00f3ricos, ese d\u00eda coincid\u00eda con festividades romanas dedicadas al Sol Invicto, una celebraci\u00f3n muy popular en el Imperio.<\/p>\n\n\n\n<p>Al adoptar esta fecha, el cristianismo facilit\u00f3 su aceptaci\u00f3n entre los pueblos paganos, as\u00ed, m\u00e1s que un dato preciso, el 25 de diciembre se convirti\u00f3 en un s\u00edmbolo que ayud\u00f3 a difundir una nueva fe sobre tradiciones ya existentes.<\/p>\n","protected":false},"excerpt":{"rendered":"<p>Uno de los datos m\u00e1s relevantes se\u00f1ala que Jes\u00fas naci\u00f3 durante el reinado de Herodes el Grande, gobernante de Judea bajo la tutela del Imperio romano, las fuentes romanas confirman que Herodes muri\u00f3 en el a\u00f1o 4 antes de nuestra era Felipe Hern\u00e1ndez\/Avance Jes\u00fas de Nazaret es el personaje que marca el inicio del calendario [&hellip;]<\/p>\n","protected":false},"author":2,"featured_media":489326,"comment_status":"closed","ping_status":"closed","sticky":false,"template":"","format":"standard","meta":{"footnotes":""},"categories":[48],"tags":[],"class_list":["post-489325","post","type-post","status-publish","format-standard","has-post-thumbnail","hentry","category-cultura"],"_links":{"self":[{"href":"https:\/\/diarioavancetabasco.com\/index.php?rest_route=\/wp\/v2\/posts\/489325","targetHints":{"allow":["GET"]}}],"collection":[{"href":"https:\/\/diarioavancetabasco.com\/index.php?rest_route=\/wp\/v2\/posts"}],"about":[{"href":"https:\/\/diarioavancetabasco.com\/index.php?rest_route=\/wp\/v2\/types\/post"}],"author":[{"embeddable":true,"href":"https:\/\/diarioavancetabasco.com\/index.php?rest_route=\/wp\/v2\/users\/2"}],"replies":[{"embeddable":true,"href":"https:\/\/diarioavancetabasco.com\/index.php?rest_route=%2Fwp%2Fv2%2Fcomments&post=489325"}],"version-history":[{"count":1,"href":"https:\/\/diarioavancetabasco.com\/index.php?rest_route=\/wp\/v2\/posts\/489325\/revisions"}],"predecessor-version":[{"id":489327,"href":"https:\/\/diarioavancetabasco.com\/index.php?rest_route=\/wp\/v2\/posts\/489325\/revisions\/489327"}],"wp:featuredmedia":[{"embeddable":true,"href":"https:\/\/diarioavancetabasco.com\/index.php?rest_route=\/wp\/v2\/media\/489326"}],"wp:attachment":[{"href":"https:\/\/diarioavancetabasco.com\/index.php?rest_route=%2Fwp%2Fv2%2Fmedia&parent=489325"}],"wp:term":[{"taxonomy":"category","embeddable":true,"href":"https:\/\/diarioavancetabasco.com\/index.php?rest_route=%2Fwp%2Fv2%2Fcategories&post=489325"},{"taxonomy":"post_tag","embeddable":true,"href":"https:\/\/diarioavancetabasco.com\/index.php?rest_route=%2Fwp%2Fv2%2Ftags&post=489325"}],"curies":[{"name":"wp","href":"https:\/\/api.w.org\/{rel}","templated":true}]}}