{"id":489358,"date":"2025-12-26T12:23:25","date_gmt":"2025-12-26T18:23:25","guid":{"rendered":"https:\/\/diarioavancetabasco.com\/?p=489358"},"modified":"2025-12-26T12:23:25","modified_gmt":"2025-12-26T18:23:25","slug":"sheinbaum-destaca-a-mexico-como-el-segundo-pais-con-menos-desocupacion","status":"publish","type":"post","link":"https:\/\/diarioavancetabasco.com\/?p=489358","title":{"rendered":"Sheinbaum destaca a M\u00e9xico como el segundo pa\u00eds con menos desocupaci\u00f3n"},"content":{"rendered":"\n<p style=\"font-size:22px\">La presidenta comparti\u00f3 en redes sociales una gr\u00e1fica de los pa\u00edses con menos desocupaci\u00f3n<\/p>\n\n\n\n<p><strong>Agencia\/CIUDAD DE M\u00c9XICO<\/strong><\/p>\n\n\n\n<p>La presidenta Claudia Sheinbaum Pardo indic\u00f3 que M\u00e9xico cerr\u00f3 el 2025 como el segundo pa\u00eds con menos desocupaci\u00f3n, despu\u00e9s de Jap\u00f3n.<\/p>\n\n\n\n<p>\u00abLa transformaci\u00f3n da resultados\u00bb, expres\u00f3 Sheinbaum en sus redes sociales al compartir una gr\u00e1fica de los pa\u00edses con menos desocupaci\u00f3n.<\/p>\n\n\n\n<p>En primer lugar aparece Jap\u00f3n, con 2.6%, seguido de M\u00e9xico con 2.7%, mientras que la<\/p>\n\n\n\n<p>Siguen Pa\u00edses Bajos, con 4%; Australia, 4.3%; Estados Unidos, 4.6%; Irlanda, 4.9%; Austria, 5.8%; Italia, 6%; B\u00e9lgica, 6.4%; Francia, 7.7%; Suecia, 9.1%; Finlandia, 10.3%; y Espa\u00f1a con 10.5%.<\/p>\n","protected":false},"excerpt":{"rendered":"<p>La presidenta comparti\u00f3 en redes sociales una gr\u00e1fica de los pa\u00edses con menos desocupaci\u00f3n Agencia\/CIUDAD DE M\u00c9XICO La presidenta Claudia Sheinbaum Pardo indic\u00f3 que M\u00e9xico cerr\u00f3 el 2025 como el segundo pa\u00eds con menos desocupaci\u00f3n, despu\u00e9s de Jap\u00f3n. \u00abLa transformaci\u00f3n da resultados\u00bb, expres\u00f3 Sheinbaum en sus redes sociales al compartir una gr\u00e1fica de los pa\u00edses [&hellip;]<\/p>\n","protected":false},"author":2,"featured_media":489359,"comment_status":"closed","ping_status":"closed","sticky":false,"template":"","format":"standard","meta":{"footnotes":""},"categories":[62],"tags":[],"class_list":["post-489358","post","type-post","status-publish","format-standard","has-post-thumbnail","hentry","category-el-pais"],"_links":{"self":[{"href":"https:\/\/diarioavancetabasco.com\/index.php?rest_route=\/wp\/v2\/posts\/489358","targetHints":{"allow":["GET"]}}],"collection":[{"href":"https:\/\/diarioavancetabasco.com\/index.php?rest_route=\/wp\/v2\/posts"}],"about":[{"href":"https:\/\/diarioavancetabasco.com\/index.php?rest_route=\/wp\/v2\/types\/post"}],"author":[{"embeddable":true,"href":"https:\/\/diarioavancetabasco.com\/index.php?rest_route=\/wp\/v2\/users\/2"}],"replies":[{"embeddable":true,"href":"https:\/\/diarioavancetabasco.com\/index.php?rest_route=%2Fwp%2Fv2%2Fcomments&post=489358"}],"version-history":[{"count":1,"href":"https:\/\/diarioavancetabasco.com\/index.php?rest_route=\/wp\/v2\/posts\/489358\/revisions"}],"predecessor-version":[{"id":489360,"href":"https:\/\/diarioavancetabasco.com\/index.php?rest_route=\/wp\/v2\/posts\/489358\/revisions\/489360"}],"wp:featuredmedia":[{"embeddable":true,"href":"https:\/\/diarioavancetabasco.com\/index.php?rest_route=\/wp\/v2\/media\/489359"}],"wp:attachment":[{"href":"https:\/\/diarioavancetabasco.com\/index.php?rest_route=%2Fwp%2Fv2%2Fmedia&parent=489358"}],"wp:term":[{"taxonomy":"category","embeddable":true,"href":"https:\/\/diarioavancetabasco.com\/index.php?rest_route=%2Fwp%2Fv2%2Fcategories&post=489358"},{"taxonomy":"post_tag","embeddable":true,"href":"https:\/\/diarioavancetabasco.com\/index.php?rest_route=%2Fwp%2Fv2%2Ftags&post=489358"}],"curies":[{"name":"wp","href":"https:\/\/api.w.org\/{rel}","templated":true}]}}