{"id":489402,"date":"2025-12-27T21:20:22","date_gmt":"2025-12-28T03:20:22","guid":{"rendered":"https:\/\/diarioavancetabasco.com\/?p=489402"},"modified":"2025-12-27T21:20:22","modified_gmt":"2025-12-28T03:20:22","slug":"el-personaje-detras-de-la-calle-abraham-bandala","status":"publish","type":"post","link":"https:\/\/diarioavancetabasco.com\/?p=489402","title":{"rendered":"El personaje detr\u00e1s de la calle: Abraham Bandala"},"content":{"rendered":"\n<p>Por Felipe Hern\u00e1ndez<\/p>\n\n\n\n<p>AVANCE<\/p>\n\n\n\n<p>Quienes caminan por la colonia Tamult\u00e9 de las Barrancas en Villahermosa suelen encontrarse con una calle que lleva el nombre de Abraham Bandala Pati\u00f1o. Detr\u00e1s de ese r\u00f3tulo hay una historia ligada al poder pol\u00edtico, la vida militar y una etapa decisiva del desarrollo de Tabasco.<\/p>\n\n\n\n<p>Abraham Bandala Pati\u00f1o naci\u00f3 el 12 de mayo de 1838 en Papantla, Veracruz. Desde joven ingres\u00f3 a la Guardia Nacional, iniciando una carrera militar que marcar\u00eda su trayectoria p\u00fablica.<\/p>\n\n\n\n<p>Durante el siglo XIX particip\u00f3 en distintos conflictos armados, entre ellos la lucha contra la intervenci\u00f3n francesa, un episodio fundamental para su reconocimiento dentro del \u00e1mbito militar, logrando escalar posiciones hasta alcanzar el grado de general.<\/p>\n\n\n\n<p>Su prestigio en el ej\u00e9rcito facilit\u00f3 su incursi\u00f3n en la pol\u00edtica, Bandala Pati\u00f1o comenz\u00f3 a desempe\u00f1ar cargos administrativos y, con el tiempo, fue enviado a Tabasco. En 1885 lleg\u00f3 a la entidad como Jefe de Armas, iniciando una relaci\u00f3n prolongada con el poder local.<\/p>\n\n\n\n<p>A partir de entonces ocup\u00f3 en varias ocasiones el cargo de gobernador interino y provisional, finalmente, se consolid\u00f3 como gobernador constitucional de Tabasco entre 1895 y 1910.<\/p>\n\n\n\n<p>Durante su gobierno se impulsaron obras que transformaron la capital del estado. Se fortaleci\u00f3 el comercio regional, se construy\u00f3 una l\u00ednea de tranv\u00edas y se inaugur\u00f3 el teatro Merino en 1896.<\/p>\n\n\n\n<p>En el \u00e1mbito educativo, su administraci\u00f3n promovi\u00f3 reformas importantes, se introdujo el m\u00e9todo R\u00e9bsamen en las escuelas y se foment\u00f3 la ense\u00f1anza agr\u00edcola en el nivel b\u00e1sico para mejorar la formaci\u00f3n acad\u00e9mica y vincularla con las actividades productivas del estado.<\/p>\n\n\n\n<p>Su estilo de gobierno fue objeto de cr\u00edticas, Bandala Pati\u00f1o mantuvo un control estricto sobre el Congreso local y limit\u00f3 la actividad de grupos opositores. Hacia 1910 comenzaron a manifestarse mayores tensiones sociales. Un levantamiento armado en la regi\u00f3n de la Chontalpa evidenci\u00f3 el desgaste de su administraci\u00f3n. Aunque el movimiento fue sofocado, reflejaba el clima de inconformidad presente en el pa\u00eds.<\/p>\n\n\n\n<p>Tras dejar el poder, Abraham Bandala Pati\u00f1o se traslad\u00f3 a la Ciudad de M\u00e9xico, ah\u00ed falleci\u00f3 el 6 de noviembre de 1916. Hoy, su nombre est\u00e1 en las calles de nuestra ciudad, as\u00ed como de algunos municipios, recordatorio de una etapa hist\u00f3rica marcada por obras p\u00fablicas, control pol\u00edtico y profundas transformaciones en Tabasco.<\/p>\n","protected":false},"excerpt":{"rendered":"<p>Por Felipe Hern\u00e1ndez AVANCE Quienes caminan por la colonia Tamult\u00e9 de las Barrancas en Villahermosa suelen encontrarse con una calle que lleva el nombre de Abraham Bandala Pati\u00f1o. Detr\u00e1s de ese r\u00f3tulo hay una historia ligada al poder pol\u00edtico, la vida militar y una etapa decisiva del desarrollo de Tabasco. Abraham Bandala Pati\u00f1o naci\u00f3 el [&hellip;]<\/p>\n","protected":false},"author":2,"featured_media":489403,"comment_status":"closed","ping_status":"closed","sticky":false,"template":"","format":"standard","meta":{"footnotes":""},"categories":[48],"tags":[],"class_list":["post-489402","post","type-post","status-publish","format-standard","has-post-thumbnail","hentry","category-cultura"],"_links":{"self":[{"href":"https:\/\/diarioavancetabasco.com\/index.php?rest_route=\/wp\/v2\/posts\/489402","targetHints":{"allow":["GET"]}}],"collection":[{"href":"https:\/\/diarioavancetabasco.com\/index.php?rest_route=\/wp\/v2\/posts"}],"about":[{"href":"https:\/\/diarioavancetabasco.com\/index.php?rest_route=\/wp\/v2\/types\/post"}],"author":[{"embeddable":true,"href":"https:\/\/diarioavancetabasco.com\/index.php?rest_route=\/wp\/v2\/users\/2"}],"replies":[{"embeddable":true,"href":"https:\/\/diarioavancetabasco.com\/index.php?rest_route=%2Fwp%2Fv2%2Fcomments&post=489402"}],"version-history":[{"count":1,"href":"https:\/\/diarioavancetabasco.com\/index.php?rest_route=\/wp\/v2\/posts\/489402\/revisions"}],"predecessor-version":[{"id":489404,"href":"https:\/\/diarioavancetabasco.com\/index.php?rest_route=\/wp\/v2\/posts\/489402\/revisions\/489404"}],"wp:featuredmedia":[{"embeddable":true,"href":"https:\/\/diarioavancetabasco.com\/index.php?rest_route=\/wp\/v2\/media\/489403"}],"wp:attachment":[{"href":"https:\/\/diarioavancetabasco.com\/index.php?rest_route=%2Fwp%2Fv2%2Fmedia&parent=489402"}],"wp:term":[{"taxonomy":"category","embeddable":true,"href":"https:\/\/diarioavancetabasco.com\/index.php?rest_route=%2Fwp%2Fv2%2Fcategories&post=489402"},{"taxonomy":"post_tag","embeddable":true,"href":"https:\/\/diarioavancetabasco.com\/index.php?rest_route=%2Fwp%2Fv2%2Ftags&post=489402"}],"curies":[{"name":"wp","href":"https:\/\/api.w.org\/{rel}","templated":true}]}}