{"id":489427,"date":"2025-12-28T11:25:28","date_gmt":"2025-12-28T17:25:28","guid":{"rendered":"https:\/\/diarioavancetabasco.com\/?p=489427"},"modified":"2025-12-28T11:25:28","modified_gmt":"2025-12-28T17:25:28","slug":"manana-se-clausura-el-ano-jubilar-promovido-por-el-papa-francisco-en-la-catedral-rojas-lopez","status":"publish","type":"post","link":"https:\/\/diarioavancetabasco.com\/?p=489427","title":{"rendered":"Ma\u00f1ana se clausura el A\u00f1o Jubilar promovido por el Papa Francisco, en la Catedral: Rojas L\u00f3pez"},"content":{"rendered":"\n<p class=\"has-vivid-red-color has-text-color has-link-color wp-elements-10b8d2979f685c87227113d812c743c1\" style=\"font-size:22px\">\u00abDaremos gracias a Dios por todo lo que derram\u00f3 en los corazones\u00bb, dice el Obispo de Tabasco al invitar a los fieles a esta celebraci\u00f3n<\/p>\n\n\n\n<p><strong>Redacci\u00f3n\/Avance<\/strong><\/p>\n\n\n\n<p>En su mensaje dominical el obispo de Tabasco, don Gerardo de Jes\u00fas Rojas L\u00f3pez, inform\u00f3 que este lunes se llevar\u00e1 a cabo la clausura del A\u00f1o Jubilar, promovido por el extinto Papa Francisco, las actividades se desarrollar\u00e1n a partir de las 10:00 de la ma\u00f1ana en la Catedral de Villahermosa.<\/p>\n\n\n\n<p>Asimismo, se\u00f1al\u00f3 que se dar\u00e1 gracias a Dios por todas bendiciones derram\u00f3 en los corazones de los fieles cat\u00f3licos, y todo lo que escuch\u00f3 con la apertura de las Puertas Santas.<\/p>\n\n\n\n<p>Agreg\u00f3 \u00absabemos que es d\u00eda laboral, pero sin duda daremos gracias a Dios por todo lo que \u00e9l derram\u00f3 en los corazones, por las conversiones que surgieron y sobre todo por ese encuentro vivo que tuvimos cada uno de nosotros al reconciliarnos, al pasar por la puerta santa y al entrar y estar con Jesucristo, como dice la escritura sobre Mois\u00e9s y Mois\u00e9s hablaba con Dios cara a cara como cuando se habla con un amigo\u00bb.<\/p>\n","protected":false},"excerpt":{"rendered":"<p>\u00abDaremos gracias a Dios por todo lo que derram\u00f3 en los corazones\u00bb, dice el Obispo de Tabasco al invitar a los fieles a esta celebraci\u00f3n Redacci\u00f3n\/Avance En su mensaje dominical el obispo de Tabasco, don Gerardo de Jes\u00fas Rojas L\u00f3pez, inform\u00f3 que este lunes se llevar\u00e1 a cabo la clausura del A\u00f1o Jubilar, promovido por [&hellip;]<\/p>\n","protected":false},"author":2,"featured_media":489428,"comment_status":"closed","ping_status":"closed","sticky":false,"template":"","format":"standard","meta":{"footnotes":""},"categories":[57],"tags":[],"class_list":["post-489427","post","type-post","status-publish","format-standard","has-post-thumbnail","hentry","category-local"],"_links":{"self":[{"href":"https:\/\/diarioavancetabasco.com\/index.php?rest_route=\/wp\/v2\/posts\/489427","targetHints":{"allow":["GET"]}}],"collection":[{"href":"https:\/\/diarioavancetabasco.com\/index.php?rest_route=\/wp\/v2\/posts"}],"about":[{"href":"https:\/\/diarioavancetabasco.com\/index.php?rest_route=\/wp\/v2\/types\/post"}],"author":[{"embeddable":true,"href":"https:\/\/diarioavancetabasco.com\/index.php?rest_route=\/wp\/v2\/users\/2"}],"replies":[{"embeddable":true,"href":"https:\/\/diarioavancetabasco.com\/index.php?rest_route=%2Fwp%2Fv2%2Fcomments&post=489427"}],"version-history":[{"count":1,"href":"https:\/\/diarioavancetabasco.com\/index.php?rest_route=\/wp\/v2\/posts\/489427\/revisions"}],"predecessor-version":[{"id":489429,"href":"https:\/\/diarioavancetabasco.com\/index.php?rest_route=\/wp\/v2\/posts\/489427\/revisions\/489429"}],"wp:featuredmedia":[{"embeddable":true,"href":"https:\/\/diarioavancetabasco.com\/index.php?rest_route=\/wp\/v2\/media\/489428"}],"wp:attachment":[{"href":"https:\/\/diarioavancetabasco.com\/index.php?rest_route=%2Fwp%2Fv2%2Fmedia&parent=489427"}],"wp:term":[{"taxonomy":"category","embeddable":true,"href":"https:\/\/diarioavancetabasco.com\/index.php?rest_route=%2Fwp%2Fv2%2Fcategories&post=489427"},{"taxonomy":"post_tag","embeddable":true,"href":"https:\/\/diarioavancetabasco.com\/index.php?rest_route=%2Fwp%2Fv2%2Ftags&post=489427"}],"curies":[{"name":"wp","href":"https:\/\/api.w.org\/{rel}","templated":true}]}}