{"id":489444,"date":"2025-12-29T00:00:00","date_gmt":"2025-12-29T06:00:00","guid":{"rendered":"https:\/\/diarioavancetabasco.com\/?p=489444"},"modified":"2025-12-28T21:55:31","modified_gmt":"2025-12-29T03:55:31","slug":"modernizaran-transporte-publico-a-partir-del-2026","status":"publish","type":"post","link":"https:\/\/diarioavancetabasco.com\/?p=489444","title":{"rendered":"Modernizar\u00e1n transporte p\u00fablico, a partir del 2026"},"content":{"rendered":"\n<p style=\"font-size:20px\"><strong>Redacci\u00f3n\/Avance<\/strong><\/p>\n\n\n\n<p>Como parte del proyecto Villahermosa 2030, Tabasco iniciar\u00e1 en el 2026 el proceso de modernizaci\u00f3n del transporte p\u00fablico, en el que se dejar\u00e1n de utilizar unidades contaminantes para dar paso a veh\u00edculos h\u00edbridos, con el objetivo de contar con un transporte seguro, eficiente, c\u00f3modo y, sobre todo, econ\u00f3mico, afirm\u00f3 el titular de la Secretar\u00eda de Movilidad de Tabasco, Rafael El\u00edas S\u00e1nchez Cabrales.<\/p>\n\n\n\n<p>El servidor p\u00fablico destac\u00f3 que desde el Gobierno del Pueblo se trabaja para garantizar un servicio de movilidad eficiente para las familias tabasque\u00f1as, \u201cestamos modificando algunas v\u00edas y rutas para eficientar el servicio del transporte p\u00fablico en el estado; adem\u00e1s, ya se planea todo lo que viene para el 2026 y estamos muy pendientes de todo lo que sucede en el sector de movilidad\u201d, mencion\u00f3.<\/p>\n\n\n\n<p>S\u00e1nchez Cabrales subray\u00f3 que, a un a\u00f1o de haber iniciado trabajos el Gobierno del Pueblo, el sector transporte en Tabasco se encuentra estable y unido como nunca, destacando que la agilizaci\u00f3n de tr\u00e1mites para los transportistas, la puesta en marcha de la aplicaci\u00f3n \u2018Qu\u00e9jate Movilidad\u2019.<\/p>\n","protected":false},"excerpt":{"rendered":"<p>Redacci\u00f3n\/Avance Como parte del proyecto Villahermosa 2030, Tabasco iniciar\u00e1 en el 2026 el proceso de modernizaci\u00f3n del transporte p\u00fablico, en el que se dejar\u00e1n de utilizar unidades contaminantes para dar paso a veh\u00edculos h\u00edbridos, con el objetivo de contar con un transporte seguro, eficiente, c\u00f3modo y, sobre todo, econ\u00f3mico, afirm\u00f3 el titular de la Secretar\u00eda [&hellip;]<\/p>\n","protected":false},"author":2,"featured_media":489445,"comment_status":"closed","ping_status":"closed","sticky":false,"template":"","format":"standard","meta":{"footnotes":""},"categories":[9],"tags":[],"class_list":["post-489444","post","type-post","status-publish","format-standard","has-post-thumbnail","hentry","category-politica"],"_links":{"self":[{"href":"https:\/\/diarioavancetabasco.com\/index.php?rest_route=\/wp\/v2\/posts\/489444","targetHints":{"allow":["GET"]}}],"collection":[{"href":"https:\/\/diarioavancetabasco.com\/index.php?rest_route=\/wp\/v2\/posts"}],"about":[{"href":"https:\/\/diarioavancetabasco.com\/index.php?rest_route=\/wp\/v2\/types\/post"}],"author":[{"embeddable":true,"href":"https:\/\/diarioavancetabasco.com\/index.php?rest_route=\/wp\/v2\/users\/2"}],"replies":[{"embeddable":true,"href":"https:\/\/diarioavancetabasco.com\/index.php?rest_route=%2Fwp%2Fv2%2Fcomments&post=489444"}],"version-history":[{"count":1,"href":"https:\/\/diarioavancetabasco.com\/index.php?rest_route=\/wp\/v2\/posts\/489444\/revisions"}],"predecessor-version":[{"id":489446,"href":"https:\/\/diarioavancetabasco.com\/index.php?rest_route=\/wp\/v2\/posts\/489444\/revisions\/489446"}],"wp:featuredmedia":[{"embeddable":true,"href":"https:\/\/diarioavancetabasco.com\/index.php?rest_route=\/wp\/v2\/media\/489445"}],"wp:attachment":[{"href":"https:\/\/diarioavancetabasco.com\/index.php?rest_route=%2Fwp%2Fv2%2Fmedia&parent=489444"}],"wp:term":[{"taxonomy":"category","embeddable":true,"href":"https:\/\/diarioavancetabasco.com\/index.php?rest_route=%2Fwp%2Fv2%2Fcategories&post=489444"},{"taxonomy":"post_tag","embeddable":true,"href":"https:\/\/diarioavancetabasco.com\/index.php?rest_route=%2Fwp%2Fv2%2Ftags&post=489444"}],"curies":[{"name":"wp","href":"https:\/\/api.w.org\/{rel}","templated":true}]}}