{"id":489447,"date":"2025-12-29T00:00:00","date_gmt":"2025-12-29T06:00:00","guid":{"rendered":"https:\/\/diarioavancetabasco.com\/?p=489447"},"modified":"2025-12-28T21:57:17","modified_gmt":"2025-12-29T03:57:17","slug":"discrepancias-educativas-la-rebelion","status":"publish","type":"post","link":"https:\/\/diarioavancetabasco.com\/?p=489447","title":{"rendered":"Discrepancias educativas; la rebeli\u00f3n"},"content":{"rendered":"\n<p style=\"font-size:20px\"><strong>Patricia Gonz\u00e1lez\/Desde el Cristal<\/strong><\/p>\n\n\n\n<p>La educaci\u00f3n en M\u00e9xico ha sido uno de los sectores que m\u00e1s a resentido los cambios de las administraciones federales y que decirles de las estatales. Una muestra de ello, es la posici\u00f3n que ocupa en los rankings educativos mundiales. Las matem\u00e1ticas, lectura y ciencias no ha sido lo nuestro.\u00a0<\/p>\n\n\n\n<p>En cada cambio presidencial, llega un nuevo secretario de Educaci\u00f3n, con su propio plan de trabajo y sus estrategias \u2013si es que las tiene-.&nbsp;<\/p>\n\n\n\n<p>Hace a un lado el trabajo de su antecesor, un error que se ha mantenido de manera permanente, porque no hay una evaluaci\u00f3n del plan y programa aplicado. Lo trabajado va al archivo muerto.&nbsp;<\/p>\n\n\n\n<p>Algo dicho por los propios profesores. Este sexenio a cargo de Morena, no ha sido la excepci\u00f3n, aunque supuestamente se le est\u00e1 dando seguimiento a lo iniciado durante la administraci\u00f3n de Andr\u00e9s Manuel L\u00f3pez Obrador, la Nueva Escuela Mexicana (NEM), que como todo proyecto, ha tenido sus pro y sus contras. Hoy en d\u00eda al interior de la Secretar\u00eda de Educaci\u00f3n P\u00fablica (SEP), hay discrepancias. Por ejemplo, y de acuerdo a lo difundido en la cuenta X de Marx Arriaga, quien funge como director general de Materiales Educativos de la SEP, ha convocado a la creaci\u00f3n de una nueva organizaci\u00f3n educativa con estructura propia, es decir, al margen de la propia SEP.&nbsp;<\/p>\n\n\n\n<p>Se\u00f1alan que acusa que la actual conducci\u00f3n del sistema educativo mexicano que encabeza todav\u00eda Mario Delgado Carrillo, mantiene y profundiza procesos de privatizaci\u00f3n en la educaci\u00f3n p\u00fablica.&nbsp;<\/p>\n\n\n\n<p>Pero adem\u00e1s dice que en la Secretar\u00eda contin\u00faan operando pol\u00edticas, programas y materiales que seg\u00fan el funcionario contradicen el Plan de Estudios 2022 as\u00ed como los principios de la NEM, impulsada por L\u00f3pez Obrador. Como era de suponer, hubo respuesta por parte de la SEP, que asegura que se esta fortaleciendo la educaci\u00f3n p\u00fablica con resultados y participaci\u00f3n activa del magisterio.&nbsp;<\/p>\n\n\n\n<p>Rechazan adem\u00e1s que exista un proceso de privatizaci\u00f3n del sistema educativo nacional.&nbsp;<\/p>\n\n\n\n<p>En el medio magisterial se rumoraba que Mario Delgado Carrillo dejar\u00eda la titularidad de la SEP y que el nombre de Marx Arriaga estaba entre los candidatos a suplirlo.&nbsp;<\/p>\n\n\n\n<p>La cuesti\u00f3n, pues es la misma de siempre, los amolados son los maestros que se las tienen que averiguar como puedan para sacar adelante a la ni\u00f1ez mexicana. Se supone que los cambios siempre deben de ser para beneficio, pero en educaci\u00f3n, han sido para retrocesos.&nbsp;<\/p>\n\n\n\n<p>Si recordamos como era el sistema educativo nacional hace unos treinta a\u00f1os, hab\u00eda inversi\u00f3n, los maestros eran dotados de mucho material did\u00e1ctico para trabajar los contenidos, una maravilla para las escuelas multigrado, como olvidar los famosos Rincones de Lecturas, que inclu\u00eda colecciones de libros para todos los niveles de educaci\u00f3n primaria.&nbsp;<\/p>\n\n\n\n<p>Hoy en d\u00eda, los libros de texto traen ligas para que los alumnos consulten en internet, los m\u00e1s abusados realizan el copia y pega para entregar las tareas. \u00bfC\u00f3mo se va a fortalecer el h\u00e1bito de la lectura? Y para que le sigo. En fin, veremos como termina el desacuerdo Delgado-Arriaga\u2026<\/p>\n","protected":false},"excerpt":{"rendered":"<p>Patricia Gonz\u00e1lez\/Desde el Cristal La educaci\u00f3n en M\u00e9xico ha sido uno de los sectores que m\u00e1s a resentido los cambios de las administraciones federales y que decirles de las estatales. Una muestra de ello, es la posici\u00f3n que ocupa en los rankings educativos mundiales. Las matem\u00e1ticas, lectura y ciencias no ha sido lo nuestro.\u00a0 En [&hellip;]<\/p>\n","protected":false},"author":2,"featured_media":489210,"comment_status":"closed","ping_status":"closed","sticky":false,"template":"","format":"standard","meta":{"footnotes":""},"categories":[40],"tags":[],"class_list":["post-489447","post","type-post","status-publish","format-standard","has-post-thumbnail","hentry","category-opinion"],"_links":{"self":[{"href":"https:\/\/diarioavancetabasco.com\/index.php?rest_route=\/wp\/v2\/posts\/489447","targetHints":{"allow":["GET"]}}],"collection":[{"href":"https:\/\/diarioavancetabasco.com\/index.php?rest_route=\/wp\/v2\/posts"}],"about":[{"href":"https:\/\/diarioavancetabasco.com\/index.php?rest_route=\/wp\/v2\/types\/post"}],"author":[{"embeddable":true,"href":"https:\/\/diarioavancetabasco.com\/index.php?rest_route=\/wp\/v2\/users\/2"}],"replies":[{"embeddable":true,"href":"https:\/\/diarioavancetabasco.com\/index.php?rest_route=%2Fwp%2Fv2%2Fcomments&post=489447"}],"version-history":[{"count":1,"href":"https:\/\/diarioavancetabasco.com\/index.php?rest_route=\/wp\/v2\/posts\/489447\/revisions"}],"predecessor-version":[{"id":489448,"href":"https:\/\/diarioavancetabasco.com\/index.php?rest_route=\/wp\/v2\/posts\/489447\/revisions\/489448"}],"wp:featuredmedia":[{"embeddable":true,"href":"https:\/\/diarioavancetabasco.com\/index.php?rest_route=\/wp\/v2\/media\/489210"}],"wp:attachment":[{"href":"https:\/\/diarioavancetabasco.com\/index.php?rest_route=%2Fwp%2Fv2%2Fmedia&parent=489447"}],"wp:term":[{"taxonomy":"category","embeddable":true,"href":"https:\/\/diarioavancetabasco.com\/index.php?rest_route=%2Fwp%2Fv2%2Fcategories&post=489447"},{"taxonomy":"post_tag","embeddable":true,"href":"https:\/\/diarioavancetabasco.com\/index.php?rest_route=%2Fwp%2Fv2%2Ftags&post=489447"}],"curies":[{"name":"wp","href":"https:\/\/api.w.org\/{rel}","templated":true}]}}