{"id":489534,"date":"2025-12-30T14:51:01","date_gmt":"2025-12-30T20:51:01","guid":{"rendered":"https:\/\/diarioavancetabasco.com\/?p=489534"},"modified":"2025-12-30T14:51:01","modified_gmt":"2025-12-30T20:51:01","slug":"atencion-ciudadana-en-territorio-retomara-actividades-en-enero-afirma-javier-may","status":"publish","type":"post","link":"https:\/\/diarioavancetabasco.com\/?p=489534","title":{"rendered":"Atenci\u00f3n ciudadana en territorio retomar\u00e1 actividades en enero afirma Javier May"},"content":{"rendered":"\n<p style=\"font-size:22px\">El mandatario estatal explic\u00f3 que estas jornadas se desarrollar\u00e1n de mi\u00e9rcoles a s\u00e1bado, permitiendo la visita de cuatro Centros Integradores por semana, como parte del plan para recorrer los 205 centros existentes en todos los municipios<\/p>\n\n\n\n<p><strong>Abisac M\u00e1rquez\/Avance<\/strong><\/p>\n\n\n\n<p>Con el objetivo de fortalecer el contacto directo con la poblaci\u00f3n, el gobernador Javier May Rodr\u00edguez dio a conocer que el pr\u00f3ximo 7 de enero se retomar\u00e1n las Jornadas de Atenci\u00f3n al Pueblo en Territorio, mediante las cuales se brindar\u00e1 atenci\u00f3n directa en los Centros Integradores del estado.<\/p>\n\n\n\n<p>El mandatario estatal explic\u00f3 que estas jornadas se desarrollar\u00e1n de mi\u00e9rcoles a s\u00e1bado, permitiendo la visita de cuatro Centros Integradores por semana, como parte del plan para recorrer los 205 centros existentes en todos los municipios.<\/p>\n\n\n\n<p>Destac\u00f3 que durante el a\u00f1o pasado se logr\u00f3 cubrir 97 Centros Integradores, y que para este nuevo periodo se ampliar\u00e1 la cobertura con el fin de llegar a m\u00e1s comunidades.<\/p>\n\n\n\n<p>\u201cRegresamos al territorio los d\u00edas 7, 8, 9 y 10 de enero para continuar escuchando y atendiendo a la gente\u201d, puntualiz\u00f3 May Rodr\u00edguez. Finalmente, se\u00f1al\u00f3 que durante las temporadas de feria y Semana Santa se suspender\u00e1n temporalmente estas jornadas, respetando los d\u00edas de descanso de la ciudadan\u00eda<\/p>\n","protected":false},"excerpt":{"rendered":"<p>El mandatario estatal explic\u00f3 que estas jornadas se desarrollar\u00e1n de mi\u00e9rcoles a s\u00e1bado, permitiendo la visita de cuatro Centros Integradores por semana, como parte del plan para recorrer los 205 centros existentes en todos los municipios Abisac M\u00e1rquez\/Avance Con el objetivo de fortalecer el contacto directo con la poblaci\u00f3n, el gobernador Javier May Rodr\u00edguez dio [&hellip;]<\/p>\n","protected":false},"author":2,"featured_media":489535,"comment_status":"closed","ping_status":"closed","sticky":false,"template":"","format":"standard","meta":{"footnotes":""},"categories":[9],"tags":[],"class_list":["post-489534","post","type-post","status-publish","format-standard","has-post-thumbnail","hentry","category-politica"],"_links":{"self":[{"href":"https:\/\/diarioavancetabasco.com\/index.php?rest_route=\/wp\/v2\/posts\/489534","targetHints":{"allow":["GET"]}}],"collection":[{"href":"https:\/\/diarioavancetabasco.com\/index.php?rest_route=\/wp\/v2\/posts"}],"about":[{"href":"https:\/\/diarioavancetabasco.com\/index.php?rest_route=\/wp\/v2\/types\/post"}],"author":[{"embeddable":true,"href":"https:\/\/diarioavancetabasco.com\/index.php?rest_route=\/wp\/v2\/users\/2"}],"replies":[{"embeddable":true,"href":"https:\/\/diarioavancetabasco.com\/index.php?rest_route=%2Fwp%2Fv2%2Fcomments&post=489534"}],"version-history":[{"count":1,"href":"https:\/\/diarioavancetabasco.com\/index.php?rest_route=\/wp\/v2\/posts\/489534\/revisions"}],"predecessor-version":[{"id":489536,"href":"https:\/\/diarioavancetabasco.com\/index.php?rest_route=\/wp\/v2\/posts\/489534\/revisions\/489536"}],"wp:featuredmedia":[{"embeddable":true,"href":"https:\/\/diarioavancetabasco.com\/index.php?rest_route=\/wp\/v2\/media\/489535"}],"wp:attachment":[{"href":"https:\/\/diarioavancetabasco.com\/index.php?rest_route=%2Fwp%2Fv2%2Fmedia&parent=489534"}],"wp:term":[{"taxonomy":"category","embeddable":true,"href":"https:\/\/diarioavancetabasco.com\/index.php?rest_route=%2Fwp%2Fv2%2Fcategories&post=489534"},{"taxonomy":"post_tag","embeddable":true,"href":"https:\/\/diarioavancetabasco.com\/index.php?rest_route=%2Fwp%2Fv2%2Ftags&post=489534"}],"curies":[{"name":"wp","href":"https:\/\/api.w.org\/{rel}","templated":true}]}}