{"id":491368,"date":"2026-01-20T00:00:00","date_gmt":"2026-01-20T06:00:00","guid":{"rendered":"https:\/\/diarioavancetabasco.com\/?p=491368"},"modified":"2026-01-19T21:40:38","modified_gmt":"2026-01-20T03:40:38","slug":"fiscalia-espanola-rechaza-peticion-de-julio-iglesias","status":"publish","type":"post","link":"https:\/\/diarioavancetabasco.com\/?p=491368","title":{"rendered":"Fiscal\u00eda Espa\u00f1ola rechaza petici\u00f3n de Julio Iglesias"},"content":{"rendered":"\n<p style=\"font-size:20px\"><strong>Agencia\/Espa\u00f1a<\/strong><\/p>\n\n\n\n<p>Julio Iglesias enfrenta actualmente un proceso judicial en Espa\u00f1a luego de que dos exempleadas presentaran una denuncia por presuntas agresiones sexuales. A trav\u00e9s de su abogado, el cantante solicit\u00f3 detener la investigaci\u00f3n y el archivo de la causa, argumentando que la justicia espa\u00f1ola no tiene competencia para investigar los hechos denunciados, los cuales habr\u00edan ocurrido fuera del pa\u00eds.<\/p>\n\n\n\n<p>El representante legal del artista, el abogado Jos\u00e9 Antonio Chocl\u00e1n, dirigi\u00f3 un escrito a la Fiscal\u00eda de la Audiencia Nacional en el que pide que se ponga fin a la investigaci\u00f3n. Seg\u00fan el documento:<\/p>\n\n\n\n<p>\u201cLa Fiscal\u00eda de la Audiencia Nacional debe declarar, sin m\u00e1s tr\u00e1mite, la falta de jurisdicci\u00f3n espa\u00f1ola para el conocimiento de los hechos denunciados, archivando de forma inmediata las Diligencias de Investigaci\u00f3n preprocesal incoadas y detener la campa\u00f1a medi\u00e1tica que se ha puesto en marcha, con grave da\u00f1o reputacional\u201d para su cliente, quien actualmente tiene 82 a\u00f1os.<\/p>\n\n\n\n<p>Las denuncias se presentaron en Espa\u00f1a, pero los hechos habr\u00edan ocurrido fuera del pa\u00eds<\/p>\n\n\n\n<p>Fue el pasado 5 de enero cuando dos mujeres, que trabajaron anteriormente para el cantante, interpusieron una denuncia en Espa\u00f1a. Ambas se\u00f1alaron haber sufrido vejaciones, acoso sexual y abuso de poder por parte del artista, quien, seg\u00fan sus declaraciones, manten\u00eda una conducta inapropiada especialmente con mujeres j\u00f3venes y en situaciones de vulnerabilidad laboral.<\/p>\n\n\n\n<p>Una de las denunciantes relat\u00f3 a medios como elDiario.es que tambi\u00e9n habr\u00eda sido v\u00edctima de penetraciones no consentidas durante su trabajo con Iglesias. De acuerdo con las investigaciones de ambos medios, los hechos habr\u00edan sucedido en el a\u00f1o 2021, en propiedades del cantante ubicadas en la Rep\u00fablica Dominicana y en las Bahamas.<\/p>\n\n\n\n<p>La defensa del artista sostiene que los hechos no deben ser juzgados en Espa\u00f1a<\/p>\n\n\n\n<p>La estrategia legal de Iglesias se basa en el argumento de que los posibles delitos deben juzgarse en el lugar donde ocurrieron. En palabras del abogado:<\/p>\n\n\n\n<p>&nbsp;\u201cLos presuntos delitos deben perseguirse en el lugar de comisi\u00f3n y, solo en caso de que eso no sea posible, entonces podr\u00edan ser, eventualmente, perseguibles en Espa\u00f1a\u201d.<\/p>\n","protected":false},"excerpt":{"rendered":"<p>Agencia\/Espa\u00f1a Julio Iglesias enfrenta actualmente un proceso judicial en Espa\u00f1a luego de que dos exempleadas presentaran una denuncia por presuntas agresiones sexuales. A trav\u00e9s de su abogado, el cantante solicit\u00f3 detener la investigaci\u00f3n y el archivo de la causa, argumentando que la justicia espa\u00f1ola no tiene competencia para investigar los hechos denunciados, los cuales habr\u00edan [&hellip;]<\/p>\n","protected":false},"author":2,"featured_media":491370,"comment_status":"closed","ping_status":"closed","sticky":false,"template":"","format":"standard","meta":{"footnotes":""},"categories":[65],"tags":[],"class_list":["post-491368","post","type-post","status-publish","format-standard","has-post-thumbnail","hentry","category-farandula"],"_links":{"self":[{"href":"https:\/\/diarioavancetabasco.com\/index.php?rest_route=\/wp\/v2\/posts\/491368","targetHints":{"allow":["GET"]}}],"collection":[{"href":"https:\/\/diarioavancetabasco.com\/index.php?rest_route=\/wp\/v2\/posts"}],"about":[{"href":"https:\/\/diarioavancetabasco.com\/index.php?rest_route=\/wp\/v2\/types\/post"}],"author":[{"embeddable":true,"href":"https:\/\/diarioavancetabasco.com\/index.php?rest_route=\/wp\/v2\/users\/2"}],"replies":[{"embeddable":true,"href":"https:\/\/diarioavancetabasco.com\/index.php?rest_route=%2Fwp%2Fv2%2Fcomments&post=491368"}],"version-history":[{"count":1,"href":"https:\/\/diarioavancetabasco.com\/index.php?rest_route=\/wp\/v2\/posts\/491368\/revisions"}],"predecessor-version":[{"id":491371,"href":"https:\/\/diarioavancetabasco.com\/index.php?rest_route=\/wp\/v2\/posts\/491368\/revisions\/491371"}],"wp:featuredmedia":[{"embeddable":true,"href":"https:\/\/diarioavancetabasco.com\/index.php?rest_route=\/wp\/v2\/media\/491370"}],"wp:attachment":[{"href":"https:\/\/diarioavancetabasco.com\/index.php?rest_route=%2Fwp%2Fv2%2Fmedia&parent=491368"}],"wp:term":[{"taxonomy":"category","embeddable":true,"href":"https:\/\/diarioavancetabasco.com\/index.php?rest_route=%2Fwp%2Fv2%2Fcategories&post=491368"},{"taxonomy":"post_tag","embeddable":true,"href":"https:\/\/diarioavancetabasco.com\/index.php?rest_route=%2Fwp%2Fv2%2Ftags&post=491368"}],"curies":[{"name":"wp","href":"https:\/\/api.w.org\/{rel}","templated":true}]}}