{"id":491372,"date":"2026-01-20T00:00:00","date_gmt":"2026-01-20T06:00:00","guid":{"rendered":"https:\/\/diarioavancetabasco.com\/?p=491372"},"modified":"2026-01-19T21:42:07","modified_gmt":"2026-01-20T03:42:07","slug":"murio-el-disenador-de-modas-valentino","status":"publish","type":"post","link":"https:\/\/diarioavancetabasco.com\/?p=491372","title":{"rendered":"Muri\u00f3 el dise\u00f1ador de modas Valentino"},"content":{"rendered":"\n<p style=\"font-size:20px\">Agencia\/Italia<\/p>\n\n\n\n<p>Valentino Garavani, el legendario dise\u00f1ador italiano, ha fallecido, dejando una huella imborrable en la historia de la moda. Aunque llevaba a\u00f1os alejado de los reflectores desde su retiro en 2008, su legado continu\u00f3 creciendo a trav\u00e9s del trabajo de sus sucesore.<\/p>\n\n\n\n<p>El impacto de Garavani va m\u00e1s all\u00e1 del dise\u00f1o. Su nombre es sin\u00f3nimo de elegancia y sofisticaci\u00f3n. Desde su juventud mostr\u00f3 pasi\u00f3n por la moda, lo que lo llev\u00f3 a formarse en las mejores escuelas de Par\u00eds y a trabajar con figuras como Crist\u00f3bal Balenciaga, Jean D\u00e8sses y Guy Laroche, antes de regresar a Roma y abrir su primer estudio en la Via Condotti, en 1959.<\/p>\n\n\n\n<p>Originario de Voghera, en la regi\u00f3n de Lombard\u00eda, Valentino Clemente Ludovico Garavani naci\u00f3 el 11 de mayo de 1932. Durante su infancia ya se interesaba por la costura, ayudando a su t\u00eda modista. Esa pasi\u00f3n lo llev\u00f3 a Par\u00eds a los 17 a\u00f1os, donde estudi\u00f3 en la \u00c9cole des Beaux-Arts y la Chambre Syndicale de la Couture Parisienne. Su formaci\u00f3n con grandes de la moda lo prepar\u00f3 para lo que vendr\u00eda despu\u00e9s: su propio imperio.<\/p>\n\n\n\n<p>El a\u00f1o 1960 marc\u00f3 un antes y un despu\u00e9s en su vida profesional y personal. Ese fue el momento en que conoci\u00f3 a Giancarlo Giammetti, quien se convirti\u00f3 en su socio y pareja sentimental. Juntos fundaron la Maison Valentino, que pronto se gan\u00f3 el favor de celebridades internacionales.<\/p>\n\n\n\n<p>En 1962, Valentino present\u00f3 su primera colecci\u00f3n de Alta Costura en el Palacio Pitti de Florencia, marcando el inicio de una carrera destacada por su atenci\u00f3n al detalle y la calidad artesanal.<\/p>\n","protected":false},"excerpt":{"rendered":"<p>Agencia\/Italia Valentino Garavani, el legendario dise\u00f1ador italiano, ha fallecido, dejando una huella imborrable en la historia de la moda. Aunque llevaba a\u00f1os alejado de los reflectores desde su retiro en 2008, su legado continu\u00f3 creciendo a trav\u00e9s del trabajo de sus sucesore. El impacto de Garavani va m\u00e1s all\u00e1 del dise\u00f1o. Su nombre es sin\u00f3nimo [&hellip;]<\/p>\n","protected":false},"author":2,"featured_media":491369,"comment_status":"closed","ping_status":"closed","sticky":false,"template":"","format":"standard","meta":{"footnotes":""},"categories":[65],"tags":[],"class_list":["post-491372","post","type-post","status-publish","format-standard","has-post-thumbnail","hentry","category-farandula"],"_links":{"self":[{"href":"https:\/\/diarioavancetabasco.com\/index.php?rest_route=\/wp\/v2\/posts\/491372","targetHints":{"allow":["GET"]}}],"collection":[{"href":"https:\/\/diarioavancetabasco.com\/index.php?rest_route=\/wp\/v2\/posts"}],"about":[{"href":"https:\/\/diarioavancetabasco.com\/index.php?rest_route=\/wp\/v2\/types\/post"}],"author":[{"embeddable":true,"href":"https:\/\/diarioavancetabasco.com\/index.php?rest_route=\/wp\/v2\/users\/2"}],"replies":[{"embeddable":true,"href":"https:\/\/diarioavancetabasco.com\/index.php?rest_route=%2Fwp%2Fv2%2Fcomments&post=491372"}],"version-history":[{"count":1,"href":"https:\/\/diarioavancetabasco.com\/index.php?rest_route=\/wp\/v2\/posts\/491372\/revisions"}],"predecessor-version":[{"id":491373,"href":"https:\/\/diarioavancetabasco.com\/index.php?rest_route=\/wp\/v2\/posts\/491372\/revisions\/491373"}],"wp:featuredmedia":[{"embeddable":true,"href":"https:\/\/diarioavancetabasco.com\/index.php?rest_route=\/wp\/v2\/media\/491369"}],"wp:attachment":[{"href":"https:\/\/diarioavancetabasco.com\/index.php?rest_route=%2Fwp%2Fv2%2Fmedia&parent=491372"}],"wp:term":[{"taxonomy":"category","embeddable":true,"href":"https:\/\/diarioavancetabasco.com\/index.php?rest_route=%2Fwp%2Fv2%2Fcategories&post=491372"},{"taxonomy":"post_tag","embeddable":true,"href":"https:\/\/diarioavancetabasco.com\/index.php?rest_route=%2Fwp%2Fv2%2Ftags&post=491372"}],"curies":[{"name":"wp","href":"https:\/\/api.w.org\/{rel}","templated":true}]}}