{"id":491529,"date":"2026-01-22T00:00:00","date_gmt":"2026-01-22T06:00:00","guid":{"rendered":"https:\/\/diarioavancetabasco.com\/?p=491529"},"modified":"2026-01-21T21:27:26","modified_gmt":"2026-01-22T03:27:26","slug":"taylor-swift-ingresa-al-salon-de-la-fama","status":"publish","type":"post","link":"https:\/\/diarioavancetabasco.com\/?p=491529","title":{"rendered":"Taylor Swift ingresa al Sal\u00f3n de la Fama"},"content":{"rendered":"\n<p style=\"font-size:20px\"><strong>Agencia\/Los Angeles<\/strong><\/p>\n\n\n\n<p>Taylor Swift acaba de sumar uno de los reconocimientos m\u00e1s significativos de su carrera, uno que va m\u00e1s all\u00e1 de cifras de ventas, r\u00e9cords de streaming o giras millonarias. La cantante y compositora fue anunciada como miembro del Sal\u00f3n de la Fama de los Compositores para la clase de 2026.<\/p>\n\n\n\n<p>TAYLOR SWIFT ENTRA AL SAL\u00d3N DE LA FAMA<\/p>\n\n\n\n<p>Con apenas 36 a\u00f1os, Swift alcanza un hito que la coloca al lado de leyendas absolutas de la m\u00fasica como Stevie Wonder, Bob Dylan y Paul Simon. Hasta ahora, el r\u00e9cord femenino lo ostentaba Carole Bayer Sager, quien fue incluida a los 43 a\u00f1os.<\/p>\n\n\n\n<p>Con esto se acaba de convertir en la mujer m\u00e1s joven en ingresar a este selecto grupo y en la segunda persona m\u00e1s joven en la historia en lograrlo.<\/p>\n\n\n\n<p>El anuncio se realiz\u00f3 el mi\u00e9rcoles durante el programa CBS Mornings y confirm\u00f3 que la artista asistir\u00e1 a la gala de inducci\u00f3n el pr\u00f3ximo 11 de junio en Nueva York, un evento privado que se celebrar\u00e1 en el Hotel Marriott Marquis.<\/p>\n\n\n\n<p>El Sal\u00f3n de la Fama de los Compositores, fundado en 1969 en los \u00c1ngeles, reconoce a creadores cuya obra ha tenido un impacto duradero en la m\u00fasica popular. Para ser elegible, deben haber pasado al menos 20 a\u00f1os desde el lanzamiento comercial de su primera canci\u00f3n.<\/p>\n\n\n\n<p>El hito la coloca junto a leyendas como Stevie Wonder y Bob Dylan.IG taylorswift<\/p>\n\n\n\n<p>En el caso de Swift, ese requisito se cumpli\u00f3 justo este a\u00f1o, pues su sencillo debut, \u201cTim McGraw\u201d, vio la luz en 2006. Desde entonces, su evoluci\u00f3n art\u00edstica ha sido constante y, para muchos, ejemplar.<\/p>\n\n\n\n<p>La organizaci\u00f3n destac\u00f3 varias canciones clave dentro de su cat\u00e1logo, entre ellas \u201cLove Story\u201d, \u201cBlank Space\u201d, \u201cAnti-Hero\u201d y \u201cAll Too Well (10 Minute Version) (Taylor\u2019s Version)\u201d, piezas que no solo marcaron distintas etapas de su carrera, sino que tambi\u00e9n redefinieron la manera en que una estrella pop puede narrar historias personales con alcance universal.<\/p>\n\n\n\n<p>Este reconocimiento tiene un valor especial para Swift, quien a lo largo de los a\u00f1os ha defendido con firmeza su identidad como compositora. Aunque ha recibido premios suficientes como para llenar un museo, su orgullo siempre ha estado ligado a la escritura.&nbsp;<\/p>\n","protected":false},"excerpt":{"rendered":"<p>Agencia\/Los Angeles Taylor Swift acaba de sumar uno de los reconocimientos m\u00e1s significativos de su carrera, uno que va m\u00e1s all\u00e1 de cifras de ventas, r\u00e9cords de streaming o giras millonarias. La cantante y compositora fue anunciada como miembro del Sal\u00f3n de la Fama de los Compositores para la clase de 2026. TAYLOR SWIFT ENTRA [&hellip;]<\/p>\n","protected":false},"author":2,"featured_media":491530,"comment_status":"closed","ping_status":"closed","sticky":false,"template":"","format":"standard","meta":{"footnotes":""},"categories":[65],"tags":[],"class_list":["post-491529","post","type-post","status-publish","format-standard","has-post-thumbnail","hentry","category-farandula"],"_links":{"self":[{"href":"https:\/\/diarioavancetabasco.com\/index.php?rest_route=\/wp\/v2\/posts\/491529","targetHints":{"allow":["GET"]}}],"collection":[{"href":"https:\/\/diarioavancetabasco.com\/index.php?rest_route=\/wp\/v2\/posts"}],"about":[{"href":"https:\/\/diarioavancetabasco.com\/index.php?rest_route=\/wp\/v2\/types\/post"}],"author":[{"embeddable":true,"href":"https:\/\/diarioavancetabasco.com\/index.php?rest_route=\/wp\/v2\/users\/2"}],"replies":[{"embeddable":true,"href":"https:\/\/diarioavancetabasco.com\/index.php?rest_route=%2Fwp%2Fv2%2Fcomments&post=491529"}],"version-history":[{"count":1,"href":"https:\/\/diarioavancetabasco.com\/index.php?rest_route=\/wp\/v2\/posts\/491529\/revisions"}],"predecessor-version":[{"id":491532,"href":"https:\/\/diarioavancetabasco.com\/index.php?rest_route=\/wp\/v2\/posts\/491529\/revisions\/491532"}],"wp:featuredmedia":[{"embeddable":true,"href":"https:\/\/diarioavancetabasco.com\/index.php?rest_route=\/wp\/v2\/media\/491530"}],"wp:attachment":[{"href":"https:\/\/diarioavancetabasco.com\/index.php?rest_route=%2Fwp%2Fv2%2Fmedia&parent=491529"}],"wp:term":[{"taxonomy":"category","embeddable":true,"href":"https:\/\/diarioavancetabasco.com\/index.php?rest_route=%2Fwp%2Fv2%2Fcategories&post=491529"},{"taxonomy":"post_tag","embeddable":true,"href":"https:\/\/diarioavancetabasco.com\/index.php?rest_route=%2Fwp%2Fv2%2Ftags&post=491529"}],"curies":[{"name":"wp","href":"https:\/\/api.w.org\/{rel}","templated":true}]}}