{"id":491620,"date":"2026-01-23T00:00:00","date_gmt":"2026-01-23T06:00:00","guid":{"rendered":"https:\/\/diarioavancetabasco.com\/?p=491620"},"modified":"2026-01-22T20:11:54","modified_gmt":"2026-01-23T02:11:54","slug":"alex-guzman-confiesa-que-le-reconstruyeron-toda-la-columna","status":"publish","type":"post","link":"https:\/\/diarioavancetabasco.com\/?p=491620","title":{"rendered":"Alex Guzm\u00e1n confiesa que le reconstruyeron toda la columna"},"content":{"rendered":"\n<p style=\"font-size:20px\"><strong>Agencia\/Ciudad de M\u00e9xico<\/strong><\/p>\n\n\n\n<p>Alejandra Guzm\u00e1n habla de la condici\u00f3n que la llev\u00f3 a ser hospitalizada, aclarando que el verdadero motivo de la urgencia m\u00e9dica fue la osteorporosis con que fue diagnosticada -y desconoc\u00eda que padec\u00eda-, la cual afect\u00f3 severamente la estructura de su columna vertebral, por lo que le fue reconstruida en su totalidad.<\/p>\n\n\n\n<p>La cantante es una de las personalidades que entr\u00f3 en contacto con \u201cVentaneando\u201d para felicitar a Pati Chapoy, y a sus colegas, por el 30\u00b0 aniversario del vespertino durante su emisi\u00f3n de hoy, jueves 22 de enero.<\/p>\n\n\n\n<p>\u201cLa Guzm\u00e1n\u201d asever\u00f3 que, por su trayectoria y forma \u00e9tica de conducirse, estimaba y admirada a la periodista mexicana, misma raz\u00f3n por la que indic\u00f3 que estaba abierta a atender al medio y, sobre todo, hablarle de lo que est\u00e1 sucediendo en su vida en la actualidad.<\/p>\n\n\n\n<p>Fue as\u00ed que los conductores del programa se permitieron cuestionarla acerca de c\u00f3mo se encontrada, luego de que, en julio pasado, pospusiera su gira \u201cBrilla Tour\u201d, argumentando que, por recomendaci\u00f3n m\u00e9dica, deb\u00eda alejarse de los escenarios.<\/p>\n","protected":false},"excerpt":{"rendered":"<p>Agencia\/Ciudad de M\u00e9xico Alejandra Guzm\u00e1n habla de la condici\u00f3n que la llev\u00f3 a ser hospitalizada, aclarando que el verdadero motivo de la urgencia m\u00e9dica fue la osteorporosis con que fue diagnosticada -y desconoc\u00eda que padec\u00eda-, la cual afect\u00f3 severamente la estructura de su columna vertebral, por lo que le fue reconstruida en su totalidad. La [&hellip;]<\/p>\n","protected":false},"author":2,"featured_media":491617,"comment_status":"closed","ping_status":"closed","sticky":false,"template":"","format":"standard","meta":{"footnotes":""},"categories":[65],"tags":[],"class_list":["post-491620","post","type-post","status-publish","format-standard","has-post-thumbnail","hentry","category-farandula"],"_links":{"self":[{"href":"https:\/\/diarioavancetabasco.com\/index.php?rest_route=\/wp\/v2\/posts\/491620","targetHints":{"allow":["GET"]}}],"collection":[{"href":"https:\/\/diarioavancetabasco.com\/index.php?rest_route=\/wp\/v2\/posts"}],"about":[{"href":"https:\/\/diarioavancetabasco.com\/index.php?rest_route=\/wp\/v2\/types\/post"}],"author":[{"embeddable":true,"href":"https:\/\/diarioavancetabasco.com\/index.php?rest_route=\/wp\/v2\/users\/2"}],"replies":[{"embeddable":true,"href":"https:\/\/diarioavancetabasco.com\/index.php?rest_route=%2Fwp%2Fv2%2Fcomments&post=491620"}],"version-history":[{"count":1,"href":"https:\/\/diarioavancetabasco.com\/index.php?rest_route=\/wp\/v2\/posts\/491620\/revisions"}],"predecessor-version":[{"id":491621,"href":"https:\/\/diarioavancetabasco.com\/index.php?rest_route=\/wp\/v2\/posts\/491620\/revisions\/491621"}],"wp:featuredmedia":[{"embeddable":true,"href":"https:\/\/diarioavancetabasco.com\/index.php?rest_route=\/wp\/v2\/media\/491617"}],"wp:attachment":[{"href":"https:\/\/diarioavancetabasco.com\/index.php?rest_route=%2Fwp%2Fv2%2Fmedia&parent=491620"}],"wp:term":[{"taxonomy":"category","embeddable":true,"href":"https:\/\/diarioavancetabasco.com\/index.php?rest_route=%2Fwp%2Fv2%2Fcategories&post=491620"},{"taxonomy":"post_tag","embeddable":true,"href":"https:\/\/diarioavancetabasco.com\/index.php?rest_route=%2Fwp%2Fv2%2Ftags&post=491620"}],"curies":[{"name":"wp","href":"https:\/\/api.w.org\/{rel}","templated":true}]}}