{"id":492538,"date":"2026-02-03T21:10:38","date_gmt":"2026-02-04T03:10:38","guid":{"rendered":"https:\/\/diarioavancetabasco.com\/?p=492538"},"modified":"2026-02-03T21:10:38","modified_gmt":"2026-02-04T03:10:38","slug":"la-nueva-serie-de-harry-potter-ya-tiene-fecha-de-estreno","status":"publish","type":"post","link":"https:\/\/diarioavancetabasco.com\/?p=492538","title":{"rendered":"La nueva serie de Harry Potter ya tiene fecha de estreno"},"content":{"rendered":"\n<p style=\"font-size:20px\"><strong>Por Felipe Hern\u00e1ndez\/Avance<\/strong><\/p>\n\n\n\n<p>El mundo de la magia vuelve a la pantalla chica con la fecha de estreno de la nueva serie de Harry Potter, una adaptaci\u00f3n televisiva tra\u00edda por HBO que retomar\u00e1 la historia desde el inicio, proyecto que promete revivir Hogwarts con una mirada fresca.<br>La plataforma explic\u00f3 que cada temporada adaptar\u00e1 un libro de la saga escrita por J.K. Rowling, respetando el desarrollo completo de la trama, esta estrategia busca profundizar en personajes y situaciones que antes quedaron fuera del cine, adem\u00e1s, la serie se produce bajo los altos est\u00e1ndares de HBO, conocidos por su cuidado visual y narrativo.<br>El anuncio de la fecha lleg\u00f3 a trav\u00e9s de Deadline (portal especializado en cine y series), donde directivos confirmaron que el estreno ser\u00e1 a inicios de 2027, aunque no se precis\u00f3 el mes exacto, se asegur\u00f3 que los primeros episodios llegar\u00e1n durante el primer tramo del a\u00f1o.<br>La producci\u00f3n ya avanza en el Reino Unido, donde se graban los episodios sin pausas prolongadas. Los nuevos actores que dar\u00e1n vida a Harry, Ron y Hermione ya fueron elegidos, junto a un elenco adulto de gran prestigio, en esta ocasi\u00f3n la m\u00fasica estar\u00e1 a cargo de Hans Zimmer, compositor reconocido por crear bandas sonoras memorables en el cine moderno y actual internacional.<br>De acuerdo con reportes especializados, las dos primeras temporadas se filmar\u00e1n de manera continua y tendr\u00e1n seis episodios cada una, estas entregas adaptar\u00e1n los libros de La piedra filosofal y La c\u00e1mara secreta, llevando la historia con mayor detalle a la televisi\u00f3n.<br>Uno de los secretos mejor guardados es la identidad del actor que interpretar\u00e1 a Lord Voldemort, el villano central de la historia. HBO Max decidi\u00f3 mantener el nombre en reserva para sorprender al p\u00fablico en el momento del estreno.<br>Harry Potter regresa para conquistar tanto a quienes crecieron con los libros como a nuevos espectadores, una serie que promete emoci\u00f3n, misterio y magia renovada, marcando un nuevo cap\u00edtulo para una de las sagas m\u00e1s queridas del siglo.<\/p>\n","protected":false},"excerpt":{"rendered":"<p>Por Felipe Hern\u00e1ndez\/Avance El mundo de la magia vuelve a la pantalla chica con la fecha de estreno de la nueva serie de Harry Potter, una adaptaci\u00f3n televisiva tra\u00edda por HBO que retomar\u00e1 la historia desde el inicio, proyecto que promete revivir Hogwarts con una mirada fresca.La plataforma explic\u00f3 que cada temporada adaptar\u00e1 un libro [&hellip;]<\/p>\n","protected":false},"author":2,"featured_media":492539,"comment_status":"closed","ping_status":"closed","sticky":false,"template":"","format":"standard","meta":{"footnotes":""},"categories":[65],"tags":[],"class_list":["post-492538","post","type-post","status-publish","format-standard","has-post-thumbnail","hentry","category-farandula"],"_links":{"self":[{"href":"https:\/\/diarioavancetabasco.com\/index.php?rest_route=\/wp\/v2\/posts\/492538","targetHints":{"allow":["GET"]}}],"collection":[{"href":"https:\/\/diarioavancetabasco.com\/index.php?rest_route=\/wp\/v2\/posts"}],"about":[{"href":"https:\/\/diarioavancetabasco.com\/index.php?rest_route=\/wp\/v2\/types\/post"}],"author":[{"embeddable":true,"href":"https:\/\/diarioavancetabasco.com\/index.php?rest_route=\/wp\/v2\/users\/2"}],"replies":[{"embeddable":true,"href":"https:\/\/diarioavancetabasco.com\/index.php?rest_route=%2Fwp%2Fv2%2Fcomments&post=492538"}],"version-history":[{"count":1,"href":"https:\/\/diarioavancetabasco.com\/index.php?rest_route=\/wp\/v2\/posts\/492538\/revisions"}],"predecessor-version":[{"id":492540,"href":"https:\/\/diarioavancetabasco.com\/index.php?rest_route=\/wp\/v2\/posts\/492538\/revisions\/492540"}],"wp:featuredmedia":[{"embeddable":true,"href":"https:\/\/diarioavancetabasco.com\/index.php?rest_route=\/wp\/v2\/media\/492539"}],"wp:attachment":[{"href":"https:\/\/diarioavancetabasco.com\/index.php?rest_route=%2Fwp%2Fv2%2Fmedia&parent=492538"}],"wp:term":[{"taxonomy":"category","embeddable":true,"href":"https:\/\/diarioavancetabasco.com\/index.php?rest_route=%2Fwp%2Fv2%2Fcategories&post=492538"},{"taxonomy":"post_tag","embeddable":true,"href":"https:\/\/diarioavancetabasco.com\/index.php?rest_route=%2Fwp%2Fv2%2Ftags&post=492538"}],"curies":[{"name":"wp","href":"https:\/\/api.w.org\/{rel}","templated":true}]}}