{"id":492744,"date":"2026-02-06T00:00:00","date_gmt":"2026-02-06T06:00:00","guid":{"rendered":"https:\/\/diarioavancetabasco.com\/?p=492744"},"modified":"2026-02-05T21:44:46","modified_gmt":"2026-02-06T03:44:46","slug":"bad-bunny-listo-para-el-show-del-super-bowl-lx","status":"publish","type":"post","link":"https:\/\/diarioavancetabasco.com\/?p=492744","title":{"rendered":"Bad Bunny listo para el\u00a0show del Super Bowl LX"},"content":{"rendered":"\n<p style=\"font-size:20px\"><strong>Agencia\/Ciudad de M\u00e9xico<\/strong><\/p>\n\n\n\n<p>Como cada a\u00f1o, los ojos del mundo entero estar\u00e1n puestos en el Super Bowl por ver qui\u00e9n ser\u00e1 el nuevo campe\u00f3n de la NFL y adem\u00e1s, para disfrutar del show de medio tiempo, que esta vez estar\u00e1 a cargo del artista puertorrique\u00f1o Bad Bunny , quien est\u00e1 listo para poner a bailar a millones de personas con sus grandes \u00e9xitos.<\/p>\n\n\n\n<p>Antes de tomar el escenario en el estadio Levi\u2019s este domingo, se present\u00f3 en el Moscone Center de San Francisco para dar la \u00faltima conferencia de prensa y adem\u00e1s de tomarse el tiempo para agradecer el apoyo del p\u00fablico latinoamericano, Benito revel\u00f3 c\u00f3mo se prepara para uno de los shows m\u00e1s importantes de su carrera.<\/p>\n\n\n\n<p>\u201cEstoy emocionado por el show, pero me siento m\u00e1s emocionado por la gente, mi familia, mis amigos, gente que s\u00e9 que siempre han cre\u00eddo en m\u00ed. Eso es lo que hace este show especial\u201d, declar\u00f3.<\/p>\n\n\n\n<p>Tan s\u00f3lo hace unos d\u00edas, el originario de Bayam\u00f3n hizo historia al ganar \u00c1lbum del A\u00f1o en los Grammy por \u201cDeb\u00ed Tirar M\u00e1s Fotos\u201d, el primer disco en espa\u00f1ol en ganar el premio m\u00e1s prestigioso de la industria musical. Benito le contagia al mundo la emoci\u00f3n del \u00e1lbum que cambi\u00f3 su vida.<\/p>\n\n\n\n<p>&nbsp;\u201cQuer\u00eda conectar con mis ra\u00edces y lo hice de una forma muy honesta, s\u00f3lo quer\u00eda hacer la residencia en Puerto Rico y despu\u00e9s como \u2018wow\u2019, el mundo realmente me quiere y deber\u00eda ir a dar amor a Latinoam\u00e9rica. Despu\u00e9s, tener la oportunidad de llevar ese sentimiento que puse en el \u00e1lbum a uno de los escenarios m\u00e1s grandes del mundo es algo que nunca pens\u00e9, es el \u00e1lbum m\u00e1s especial porque esperaba conectar conmigo y mis ra\u00edces\u201d, agreg\u00f3.<\/p>\n\n\n\n<p>La m\u00fasica y el deporte son dos fuerzas que unen al mundo, y desde su trinchera, Benito est\u00e1 seguro de que \u201cahora se confirma que siempre debes estar orgulloso de qui\u00e9n eres, de tu historia, y no dejar que eso te limite. S\u00e9 de donde vengo pero tambi\u00e9n s\u00e9 a donde puedo ir, as\u00ed que definitivamente es un \u00e1lbum que estar\u00e1 en mi coraz\u00f3n por siempre\u201d.<\/p>\n\n\n\n<p>Durante la conferencia de prensa, Apple Music hizo un repaso por la carrera del puertorrique\u00f1o, quien entr\u00f3 a la sala con su \u00e9xito \u2018Chambea\u2019 de fondo. Mart\u00ednez Ocasio vivi\u00f3 una jornada emotiva, e incluso se le quebr\u00f3 la voz al recordar a su mam\u00e1, quien crey\u00f3 en \u00e9l antes de que se convirtiera en una de las figuras m\u00e1s importantes de la m\u00fasica.<\/p>\n\n\n\n<p><\/p>\n","protected":false},"excerpt":{"rendered":"<p>Agencia\/Ciudad de M\u00e9xico Como cada a\u00f1o, los ojos del mundo entero estar\u00e1n puestos en el Super Bowl por ver qui\u00e9n ser\u00e1 el nuevo campe\u00f3n de la NFL y adem\u00e1s, para disfrutar del show de medio tiempo, que esta vez estar\u00e1 a cargo del artista puertorrique\u00f1o Bad Bunny , quien est\u00e1 listo para poner a bailar [&hellip;]<\/p>\n","protected":false},"author":2,"featured_media":492745,"comment_status":"closed","ping_status":"closed","sticky":false,"template":"","format":"standard","meta":{"footnotes":""},"categories":[65],"tags":[],"class_list":["post-492744","post","type-post","status-publish","format-standard","has-post-thumbnail","hentry","category-farandula"],"_links":{"self":[{"href":"https:\/\/diarioavancetabasco.com\/index.php?rest_route=\/wp\/v2\/posts\/492744","targetHints":{"allow":["GET"]}}],"collection":[{"href":"https:\/\/diarioavancetabasco.com\/index.php?rest_route=\/wp\/v2\/posts"}],"about":[{"href":"https:\/\/diarioavancetabasco.com\/index.php?rest_route=\/wp\/v2\/types\/post"}],"author":[{"embeddable":true,"href":"https:\/\/diarioavancetabasco.com\/index.php?rest_route=\/wp\/v2\/users\/2"}],"replies":[{"embeddable":true,"href":"https:\/\/diarioavancetabasco.com\/index.php?rest_route=%2Fwp%2Fv2%2Fcomments&post=492744"}],"version-history":[{"count":1,"href":"https:\/\/diarioavancetabasco.com\/index.php?rest_route=\/wp\/v2\/posts\/492744\/revisions"}],"predecessor-version":[{"id":492746,"href":"https:\/\/diarioavancetabasco.com\/index.php?rest_route=\/wp\/v2\/posts\/492744\/revisions\/492746"}],"wp:featuredmedia":[{"embeddable":true,"href":"https:\/\/diarioavancetabasco.com\/index.php?rest_route=\/wp\/v2\/media\/492745"}],"wp:attachment":[{"href":"https:\/\/diarioavancetabasco.com\/index.php?rest_route=%2Fwp%2Fv2%2Fmedia&parent=492744"}],"wp:term":[{"taxonomy":"category","embeddable":true,"href":"https:\/\/diarioavancetabasco.com\/index.php?rest_route=%2Fwp%2Fv2%2Fcategories&post=492744"},{"taxonomy":"post_tag","embeddable":true,"href":"https:\/\/diarioavancetabasco.com\/index.php?rest_route=%2Fwp%2Fv2%2Ftags&post=492744"}],"curies":[{"name":"wp","href":"https:\/\/api.w.org\/{rel}","templated":true}]}}