{"id":493053,"date":"2026-02-11T00:00:00","date_gmt":"2026-02-11T06:00:00","guid":{"rendered":"https:\/\/diarioavancetabasco.com\/?p=493053"},"modified":"2026-02-10T20:55:20","modified_gmt":"2026-02-11T02:55:20","slug":"proclaman-el-dia-de-los-tigres-del-norte","status":"publish","type":"post","link":"https:\/\/diarioavancetabasco.com\/?p=493053","title":{"rendered":"Proclaman el D\u00eda de Los Tigres del Norte"},"content":{"rendered":"\n<p style=\"font-size:20px\"><strong>Agencia\/California<\/strong><\/p>\n\n\n\n<p>En San Francisco, California, se proclam\u00f3 el 9 de febrero como el D\u00eda de Los Tigres del Norte como un reconocimiento oficial a la legendaria agrupaci\u00f3n por su trayectoria musical y su impacto cultural en la comunidad latina y migrante, cuyas historias han sido el eje de su m\u00fasica por m\u00e1s de cinco d\u00e9cadas.<\/p>\n\n\n\n<p>La proclamaci\u00f3n del D\u00eda de Los Tigres del Norte en San Francisco es un reconocimiento simb\u00f3lico otorgado por autoridades locales para destacar la influencia cultural, social y musical del grupo, as\u00ed como su papel como voz de la comunidad migrante en Estados Unidos. Aunque no se trata de un d\u00eda festivo, el gesto subraya la relevancia de la banda dentro de la identidad multicultural de la ciudad.<\/p>\n\n\n\n<p>El grupo, uno de los m\u00e1s influyentes de la m\u00fasica regional mexicana, con una trayectoria de m\u00e1s de cinco d\u00e9cadas, agradeci\u00f3 el nombramiento con un mensaje en el que se lee:<\/p>\n\n\n\n<p>\u201cHoy 9 de febrero, San Francisco proclama el D\u00eda de Los Tigres del Norte. Un honor que recibimos con el coraz\u00f3n lleno. Gracias a la ciudad y a nuestra gente por caminar siempre con nosotros. Seguimos cantando historias\u201d.<\/p>\n\n\n\n<p>Originarios de Rosa Morada, Mocorito, Sinaloa, cruzaron la frontera siendo apenas unos adolescentes para buscar un futuro mejor en Estados Unidos, una experiencia que marc\u00f3 para siempre su m\u00fasica y su mensaje.<\/p>\n\n\n\n<p>Formados en San Jos\u00e9, California, convirtieron sus propias vivencias en corridos y canciones que hablan del desarraigo, la nostalgia, la injusticia y el orgullo latino con temas como \u201cLa jaula de oro\u201d, \u201cContrabando y traici\u00f3n\u201d, \u201cJefe de jefes\u201d y \u201cSomos m\u00e1s americanos\u201d.<\/p>\n\n\n\n<p>A lo largo de m\u00e1s de 50 a\u00f1os de trayectoria, han grabado m\u00e1s de 50 discos, vendido millones de copias y recibido premios Grammy y Latin Grammy, consolid\u00e1ndose como una de las agrupaciones m\u00e1s importantes de la m\u00fasica regional mexicana.<\/p>\n\n\n\n<p>Actualmente, Los Tigres del Norte est\u00e1n integrados por Jorge Hern\u00e1ndez, Hern\u00e1n Hern\u00e1ndez, Eduardo Hern\u00e1ndez, Luis Hern\u00e1ndez y \u00d3scar Lara, quienes han mantenido vivo un legado musical que trasciende escenarios y fronteras.<\/p>\n","protected":false},"excerpt":{"rendered":"<p>Agencia\/California En San Francisco, California, se proclam\u00f3 el 9 de febrero como el D\u00eda de Los Tigres del Norte como un reconocimiento oficial a la legendaria agrupaci\u00f3n por su trayectoria musical y su impacto cultural en la comunidad latina y migrante, cuyas historias han sido el eje de su m\u00fasica por m\u00e1s de cinco d\u00e9cadas. [&hellip;]<\/p>\n","protected":false},"author":2,"featured_media":493055,"comment_status":"closed","ping_status":"closed","sticky":false,"template":"","format":"standard","meta":{"footnotes":""},"categories":[65],"tags":[],"class_list":["post-493053","post","type-post","status-publish","format-standard","has-post-thumbnail","hentry","category-farandula"],"_links":{"self":[{"href":"https:\/\/diarioavancetabasco.com\/index.php?rest_route=\/wp\/v2\/posts\/493053","targetHints":{"allow":["GET"]}}],"collection":[{"href":"https:\/\/diarioavancetabasco.com\/index.php?rest_route=\/wp\/v2\/posts"}],"about":[{"href":"https:\/\/diarioavancetabasco.com\/index.php?rest_route=\/wp\/v2\/types\/post"}],"author":[{"embeddable":true,"href":"https:\/\/diarioavancetabasco.com\/index.php?rest_route=\/wp\/v2\/users\/2"}],"replies":[{"embeddable":true,"href":"https:\/\/diarioavancetabasco.com\/index.php?rest_route=%2Fwp%2Fv2%2Fcomments&post=493053"}],"version-history":[{"count":1,"href":"https:\/\/diarioavancetabasco.com\/index.php?rest_route=\/wp\/v2\/posts\/493053\/revisions"}],"predecessor-version":[{"id":493058,"href":"https:\/\/diarioavancetabasco.com\/index.php?rest_route=\/wp\/v2\/posts\/493053\/revisions\/493058"}],"wp:featuredmedia":[{"embeddable":true,"href":"https:\/\/diarioavancetabasco.com\/index.php?rest_route=\/wp\/v2\/media\/493055"}],"wp:attachment":[{"href":"https:\/\/diarioavancetabasco.com\/index.php?rest_route=%2Fwp%2Fv2%2Fmedia&parent=493053"}],"wp:term":[{"taxonomy":"category","embeddable":true,"href":"https:\/\/diarioavancetabasco.com\/index.php?rest_route=%2Fwp%2Fv2%2Fcategories&post=493053"},{"taxonomy":"post_tag","embeddable":true,"href":"https:\/\/diarioavancetabasco.com\/index.php?rest_route=%2Fwp%2Fv2%2Ftags&post=493053"}],"curies":[{"name":"wp","href":"https:\/\/api.w.org\/{rel}","templated":true}]}}