{"id":493059,"date":"2026-02-11T00:00:00","date_gmt":"2026-02-11T06:00:00","guid":{"rendered":"https:\/\/diarioavancetabasco.com\/?p=493059"},"modified":"2026-02-10T20:56:35","modified_gmt":"2026-02-11T02:56:35","slug":"gael-garcia-va-como-director-con-nueva-pelicula-al-mercado-de-berlin","status":"publish","type":"post","link":"https:\/\/diarioavancetabasco.com\/?p=493059","title":{"rendered":"Gael Garc\u00eda va como director con nueva pel\u00edcula al mercado de Berl\u00edn"},"content":{"rendered":"\n<p style=\"font-size:20px\"><strong>Agencia\/Ciudad de M\u00e9xico<\/strong><\/p>\n\n\n\n<p>El nuevo trabajo como director de Gael Garc\u00eda Bernal estar\u00e1 en el mercado de Berl\u00edn, festival de cine que arranca este jueves, mostrando a un elenco internacional con la mexicana Esmeralda Pimentel, la uruguaya Natalia Oreiro y la brasile\u00f1a D\u00e9bora Nascimiento.<\/p>\n\n\n\n<p>Las actrices de \u201cCasi el para\u00edso\u201d, \u201cGilda, no me arrepiento de este amor\u201d y \u201cMirada indiscreta\u201d lideran el largometraje \u201cHombre al agua\u201d, un drama introspectivo<\/p>\n\n\n\n<p>Tambi\u00e9n act\u00faan Manuel Garc\u00eda Rulfo (\u201cFiesta en la madriguera\u201d), Jorge Salinas (\u201cSexo, pudor y l\u00e1grimas\u201d) y Anna D\u00edaz (\u201cLa cocina\u201d).<\/p>\n\n\n\n<p>En aquel momento integrantes de la producci\u00f3n indicaron que se trataba de un drama con tintes de comedia, en la que tambi\u00e9n hay parte on\u00edricas para machar con todo.<\/p>\n\n\n\n<p>\u201cEs una pel\u00edcula reflexiva, muy del interior de \u00e9l\u201d, dijeron.<\/p>\n\n\n\n<p>Ahora con la sinopsis dada a conocer por la productora La Corriente del Golfo se confirma que es tambi\u00e9n una historia escrita entre Mariano Pensotti (\u201cLa audiencia\u201d) y el propio charolastra.<\/p>\n\n\n\n<p>\u201c(Es) Adentrarse en un universo de manipulaci\u00f3n y en la falsedad de las m\u00e1scaras sociales\u201d, apunta la compa\u00f1\u00eda productora.<\/p>\n\n\n\n<p>La llegada de \u201cHombre al agua\u201d a la Berlinale es v\u00eda The Pool Films, compa\u00f1\u00eda que iniciar\u00e1 ventas en el European Film Market de la capital alemana.<\/p>\n","protected":false},"excerpt":{"rendered":"<p>Agencia\/Ciudad de M\u00e9xico El nuevo trabajo como director de Gael Garc\u00eda Bernal estar\u00e1 en el mercado de Berl\u00edn, festival de cine que arranca este jueves, mostrando a un elenco internacional con la mexicana Esmeralda Pimentel, la uruguaya Natalia Oreiro y la brasile\u00f1a D\u00e9bora Nascimiento. Las actrices de \u201cCasi el para\u00edso\u201d, \u201cGilda, no me arrepiento de [&hellip;]<\/p>\n","protected":false},"author":2,"featured_media":493057,"comment_status":"closed","ping_status":"closed","sticky":false,"template":"","format":"standard","meta":{"footnotes":""},"categories":[65],"tags":[],"class_list":["post-493059","post","type-post","status-publish","format-standard","has-post-thumbnail","hentry","category-farandula"],"_links":{"self":[{"href":"https:\/\/diarioavancetabasco.com\/index.php?rest_route=\/wp\/v2\/posts\/493059","targetHints":{"allow":["GET"]}}],"collection":[{"href":"https:\/\/diarioavancetabasco.com\/index.php?rest_route=\/wp\/v2\/posts"}],"about":[{"href":"https:\/\/diarioavancetabasco.com\/index.php?rest_route=\/wp\/v2\/types\/post"}],"author":[{"embeddable":true,"href":"https:\/\/diarioavancetabasco.com\/index.php?rest_route=\/wp\/v2\/users\/2"}],"replies":[{"embeddable":true,"href":"https:\/\/diarioavancetabasco.com\/index.php?rest_route=%2Fwp%2Fv2%2Fcomments&post=493059"}],"version-history":[{"count":1,"href":"https:\/\/diarioavancetabasco.com\/index.php?rest_route=\/wp\/v2\/posts\/493059\/revisions"}],"predecessor-version":[{"id":493060,"href":"https:\/\/diarioavancetabasco.com\/index.php?rest_route=\/wp\/v2\/posts\/493059\/revisions\/493060"}],"wp:featuredmedia":[{"embeddable":true,"href":"https:\/\/diarioavancetabasco.com\/index.php?rest_route=\/wp\/v2\/media\/493057"}],"wp:attachment":[{"href":"https:\/\/diarioavancetabasco.com\/index.php?rest_route=%2Fwp%2Fv2%2Fmedia&parent=493059"}],"wp:term":[{"taxonomy":"category","embeddable":true,"href":"https:\/\/diarioavancetabasco.com\/index.php?rest_route=%2Fwp%2Fv2%2Fcategories&post=493059"},{"taxonomy":"post_tag","embeddable":true,"href":"https:\/\/diarioavancetabasco.com\/index.php?rest_route=%2Fwp%2Fv2%2Ftags&post=493059"}],"curies":[{"name":"wp","href":"https:\/\/api.w.org\/{rel}","templated":true}]}}