{"id":493155,"date":"2026-02-12T00:30:00","date_gmt":"2026-02-12T06:30:00","guid":{"rendered":"https:\/\/diarioavancetabasco.com\/?p=493155"},"modified":"2026-02-11T22:01:47","modified_gmt":"2026-02-12T04:01:47","slug":"creo-que-ya-no-sere-shrek-la-voz-original-de-shrek-en-espanol-pende-de-un-hilo","status":"publish","type":"post","link":"https:\/\/diarioavancetabasco.com\/?p=493155","title":{"rendered":"\u201cCreo que ya no ser\u00e9 Shrek\u201d: la voz original de Shrek en espa\u00f1ol pende de un hilo"},"content":{"rendered":"\n<p style=\"font-size:20px\"><strong>Por Felipe Hern\u00e1ndez\/avance<\/strong><\/p>\n\n\n\n<p>El mundo del entretenimiento latinoamericano atraviesa un momento de conmoci\u00f3n tras una reciente publicaci\u00f3n que ha encendido las alarmas entre los fieles y apasionados seguidores del ogro m\u00e1s querido del cine, pues todo parece indicar que la ic\u00f3nica voz de Alfonso Obreg\u00f3n, que acompa\u00f1\u00f3 por a\u00f1os a miles de espectadores, podr\u00eda no regresar para la quinta entrega.<br>Mientras que la participaci\u00f3n del comediante Eugenio Derbez como el simp\u00e1tico Burro ya es un hecho confirmado para alegr\u00eda de muchos, la presencia de su inseparable compa\u00f1ero de aventuras interpretado por Alfonso Obreg\u00f3n est\u00e1 pendiendo de un hilo delgado.<br>La enorme controversia estall\u00f3 repentinamente cuando el reconocido actor utiliz\u00f3 su cuenta personal de Facebook para lanzar un mensaje breve pero absolutamente devastador que dec\u00eda \u00abcreo que ya no ser\u00e9 Shrek\u00bb, unas palabras que cayeron como un pesado balde de agua fr\u00eda sobre la audiencia que esperaba ansiosa el reencuentro.<br>Aunque algunos internautas todav\u00eda mantienen la esperanza de que esto sea solamente una estrategia de publicidad, la gran mayor\u00eda teme que las negociaciones con la productora hayan fracasado definitivamente, lo que significar\u00eda el triste fin de una era dorada para la animaci\u00f3n en espa\u00f1ol.<br>Este conflicto laboral parece tener su origen profundo en una serie de peticiones justas que el artista hab\u00eda planteado con anterioridad, buscando dignificar su labor ante los gigantes de la industria, pues solicit\u00f3 un acuerdo econ\u00f3mico que refleje verdaderamente la enorme importancia de su papel como protagonista de la historia.<br>Adem\u00e1s del aspecto monetario, Alfonso Obreg\u00f3n ha sido muy claro al pedir tener una participaci\u00f3n activa dentro del proceso creativo, para cuidar que la esencia del personaje se mantenga intacta, evitando que se pierda ese humor caracter\u00edstico y la personalidad \u00fanica que conquist\u00f3 a tantas familias.<br>Otro punto crucial en sus exigencias es la visibilidad en los cr\u00e9ditos, ya que el actor considera vital que su nombre aparezca en la pantalla grande al igual que sucede con las estrellas de Hollywood que hacen las voces en ingl\u00e9s, buscando as\u00ed el reconocimiento p\u00fablico que merece su trayectoria.<br>Los fan\u00e1ticos no se han quedado de brazos cruzados ante esta situaci\u00f3n y han comenzado a presionar fuertemente a estudios como DreamWorks y Universal, llenando las redes con mensajes de apoyo incondicional donde aseguran que \u00e9l es el \u00ab\u00fanico y verdadero\u00bb ogro para ellos.<\/p>\n","protected":false},"excerpt":{"rendered":"<p>Por Felipe Hern\u00e1ndez\/avance El mundo del entretenimiento latinoamericano atraviesa un momento de conmoci\u00f3n tras una reciente publicaci\u00f3n que ha encendido las alarmas entre los fieles y apasionados seguidores del ogro m\u00e1s querido del cine, pues todo parece indicar que la ic\u00f3nica voz de Alfonso Obreg\u00f3n, que acompa\u00f1\u00f3 por a\u00f1os a miles de espectadores, podr\u00eda no [&hellip;]<\/p>\n","protected":false},"author":2,"featured_media":493156,"comment_status":"closed","ping_status":"closed","sticky":false,"template":"","format":"standard","meta":{"footnotes":""},"categories":[65],"tags":[],"class_list":["post-493155","post","type-post","status-publish","format-standard","has-post-thumbnail","hentry","category-farandula"],"_links":{"self":[{"href":"https:\/\/diarioavancetabasco.com\/index.php?rest_route=\/wp\/v2\/posts\/493155","targetHints":{"allow":["GET"]}}],"collection":[{"href":"https:\/\/diarioavancetabasco.com\/index.php?rest_route=\/wp\/v2\/posts"}],"about":[{"href":"https:\/\/diarioavancetabasco.com\/index.php?rest_route=\/wp\/v2\/types\/post"}],"author":[{"embeddable":true,"href":"https:\/\/diarioavancetabasco.com\/index.php?rest_route=\/wp\/v2\/users\/2"}],"replies":[{"embeddable":true,"href":"https:\/\/diarioavancetabasco.com\/index.php?rest_route=%2Fwp%2Fv2%2Fcomments&post=493155"}],"version-history":[{"count":1,"href":"https:\/\/diarioavancetabasco.com\/index.php?rest_route=\/wp\/v2\/posts\/493155\/revisions"}],"predecessor-version":[{"id":493157,"href":"https:\/\/diarioavancetabasco.com\/index.php?rest_route=\/wp\/v2\/posts\/493155\/revisions\/493157"}],"wp:featuredmedia":[{"embeddable":true,"href":"https:\/\/diarioavancetabasco.com\/index.php?rest_route=\/wp\/v2\/media\/493156"}],"wp:attachment":[{"href":"https:\/\/diarioavancetabasco.com\/index.php?rest_route=%2Fwp%2Fv2%2Fmedia&parent=493155"}],"wp:term":[{"taxonomy":"category","embeddable":true,"href":"https:\/\/diarioavancetabasco.com\/index.php?rest_route=%2Fwp%2Fv2%2Fcategories&post=493155"},{"taxonomy":"post_tag","embeddable":true,"href":"https:\/\/diarioavancetabasco.com\/index.php?rest_route=%2Fwp%2Fv2%2Ftags&post=493155"}],"curies":[{"name":"wp","href":"https:\/\/api.w.org\/{rel}","templated":true}]}}