{"id":494156,"date":"2026-02-26T12:38:11","date_gmt":"2026-02-26T18:38:11","guid":{"rendered":"https:\/\/diarioavancetabasco.com\/?p=494156"},"modified":"2026-02-26T12:38:11","modified_gmt":"2026-02-26T18:38:11","slug":"el-historico-regreso-de-ricardo-montaner-a-los-conciertos","status":"publish","type":"post","link":"https:\/\/diarioavancetabasco.com\/?p=494156","title":{"rendered":"\u00a1El hist\u00f3rico regreso de Ricardo Montaner a los conciertos!"},"content":{"rendered":"\n<p>El artista comenz\u00f3 su gira mundial \u201cEl \u00daltimo Regreso\u201d este fin de semana con dos emocionantes shows sold out en el Movistar Arena de Buenos Aires.<\/p>\n\n\n\n<p class=\"has-medium-font-size\"><strong>Por DCO<\/strong><\/p>\n\n\n\n<p>Ricardo Montaner ofreci\u00f3 este fin de semana los dos primeros shows de su \u00daltimo Regreso con entradas agotadas en Movistar Arena con producci\u00f3n de Fenix Entertainment.<\/p>\n\n\n\n<p>Tras varios a\u00f1os alejado de los escenarios, una de las voces m\u00e1s importantes de la m\u00fasica en espa\u00f1ol volvi\u00f3 con \u201cEl \u00daltimo Regreso Tour 2026\u201d, una gira mundial que es una declaraci\u00f3n de amor con la que recorrer\u00e1 todo el planeta. Este tour no es solo un regreso, es una renovaci\u00f3n de votos, cuatro d\u00e9cadas de historia musical convertidas en un espect\u00e1culo que celebra su legado y su conexi\u00f3n con el p\u00fablico.<\/p>\n\n\n\n<p>Con una puesta en escena deslumbrante, visuales imponentes y una banda impecable, Ricardo Montaner irrumpi\u00f3 en el escenario pasadas las 21hs vestido de riguroso smoking negro y camisa blanca para dar comienzo a los primeros shows de su tour mundial, mientras comenzaban a sonar los primeros acordes de \u201cYo Que Te Am\u00e9\u201d. Ante un Movistar Arena totalmente agotado, el concierto continu\u00f3 con una catarata de hits: \u201cSer\u00e1\u201d, \u201cAdonde va el amor\u201d, \u201cCastillo Azul\u201d, \u201cEl Poder De Tu Amor\u201d, \u201cLa Cima Del Cielo\u201d, causando el delirio de sus fans.<\/p>\n\n\n\n<p>Para el cierre eligi\u00f3 su infaltable \u201cD\u00e9jame llorar\u201d, con un estadio de pie que cantaba a la par, para luego recibir la sorpresa de sus hijos, Evaluna, Mau, Ricky y su yerno Camilo sobre el escenario. Juntos interpretaron \u201cAm\u00e9n\u201d.<\/p>\n\n\n\n<p>La gira, que incluir\u00e1 m\u00e1s de 100 fechas en el mundo, continuar\u00e1 el viernes 27 de febrero en Movistar Arena de Buenos Aires, el 28 de febrero en el Metropolitano de Rosario y el 1ro de marzo en Estadio Instituto de C\u00f3rdoba para luego recorrer Uruguay, Costa Rica, Colombia, M\u00e9xico, Ecuador, Per\u00fa, Chile, Paraguay, Estados Unidos, Rep\u00fablica Dominicana y Espa\u00f1a.<\/p>\n","protected":false},"excerpt":{"rendered":"<p>El artista comenz\u00f3 su gira mundial \u201cEl \u00daltimo Regreso\u201d este fin de semana con dos emocionantes shows sold out en el Movistar Arena de Buenos Aires. Por DCO Ricardo Montaner ofreci\u00f3 este fin de semana los dos primeros shows de su \u00daltimo Regreso con entradas agotadas en Movistar Arena con producci\u00f3n de Fenix Entertainment. Tras [&hellip;]<\/p>\n","protected":false},"author":2,"featured_media":494157,"comment_status":"closed","ping_status":"closed","sticky":false,"template":"","format":"standard","meta":{"footnotes":""},"categories":[65],"tags":[],"class_list":["post-494156","post","type-post","status-publish","format-standard","has-post-thumbnail","hentry","category-farandula"],"_links":{"self":[{"href":"https:\/\/diarioavancetabasco.com\/index.php?rest_route=\/wp\/v2\/posts\/494156","targetHints":{"allow":["GET"]}}],"collection":[{"href":"https:\/\/diarioavancetabasco.com\/index.php?rest_route=\/wp\/v2\/posts"}],"about":[{"href":"https:\/\/diarioavancetabasco.com\/index.php?rest_route=\/wp\/v2\/types\/post"}],"author":[{"embeddable":true,"href":"https:\/\/diarioavancetabasco.com\/index.php?rest_route=\/wp\/v2\/users\/2"}],"replies":[{"embeddable":true,"href":"https:\/\/diarioavancetabasco.com\/index.php?rest_route=%2Fwp%2Fv2%2Fcomments&post=494156"}],"version-history":[{"count":1,"href":"https:\/\/diarioavancetabasco.com\/index.php?rest_route=\/wp\/v2\/posts\/494156\/revisions"}],"predecessor-version":[{"id":494158,"href":"https:\/\/diarioavancetabasco.com\/index.php?rest_route=\/wp\/v2\/posts\/494156\/revisions\/494158"}],"wp:featuredmedia":[{"embeddable":true,"href":"https:\/\/diarioavancetabasco.com\/index.php?rest_route=\/wp\/v2\/media\/494157"}],"wp:attachment":[{"href":"https:\/\/diarioavancetabasco.com\/index.php?rest_route=%2Fwp%2Fv2%2Fmedia&parent=494156"}],"wp:term":[{"taxonomy":"category","embeddable":true,"href":"https:\/\/diarioavancetabasco.com\/index.php?rest_route=%2Fwp%2Fv2%2Fcategories&post=494156"},{"taxonomy":"post_tag","embeddable":true,"href":"https:\/\/diarioavancetabasco.com\/index.php?rest_route=%2Fwp%2Fv2%2Ftags&post=494156"}],"curies":[{"name":"wp","href":"https:\/\/api.w.org\/{rel}","templated":true}]}}