{"id":496135,"date":"2026-03-31T08:13:23","date_gmt":"2026-03-31T14:13:23","guid":{"rendered":"https:\/\/diarioavancetabasco.com\/?p=496135"},"modified":"2026-03-31T08:13:26","modified_gmt":"2026-03-31T14:13:26","slug":"por-que-la-semana-santa","status":"publish","type":"post","link":"https:\/\/diarioavancetabasco.com\/?p=496135","title":{"rendered":"\u00bfPor qu\u00e9 la semana santa?"},"content":{"rendered":"\n<p class=\"has-medium-font-size\"><strong>David Morales <\/strong><\/p>\n\n\n\n<p>La Semana Santa, una de las conmemoraciones m\u00e1s extendidas del calendario occidental, tiene su origen en los primeros siglos del cristianismo y est\u00e1 vinculada a los \u00faltimos d\u00edas de vida de Jesucristo. Su desarrollo hist\u00f3rico no solo responde a una tradici\u00f3n religiosa, sino tambi\u00e9n a un proceso de transformaci\u00f3n cultural que se consolid\u00f3 a lo largo de los siglos.<br>De acuerdo con estudios hist\u00f3ricos sobre el cristianismo primitivo, la celebraci\u00f3n se encuentra estrechamente relacionada con la P\u00e9saj, que conmemora la liberaci\u00f3n del pueblo de Israel de Egipto. Investigaciones de autores como Henry Chadwick se\u00f1alan que la muerte de Jes\u00fas ocurri\u00f3 durante esta festividad en Jerusal\u00e9n, lo que dio pie a que los primeros cristianos reinterpretaran ese periodo como el momento central de su fe.<br>Las primeras conmemoraciones surgieron entre los siglos II y III, cuando las comunidades cristianas comenzaron a recordar la pasi\u00f3n, muerte y resurrecci\u00f3n de Jes\u00fas. Sin embargo, la organizaci\u00f3n formal de la Semana Santa como se conoce hoy se consolid\u00f3 tras el Concilio de Nicea, donde se establecieron criterios para fijar la fecha de la Pascua y estructurar el calendario lit\u00fargico.<br>A partir de entonces, la celebraci\u00f3n qued\u00f3 dividida en d\u00edas clave que narran los momentos finales de Jes\u00fas, desde su entrada a Jerusal\u00e9n hasta la resurrecci\u00f3n. Este \u00faltimo episodio es considerado el eje de la fe cristiana, al representar la victoria sobre la muerte y el fundamento teol\u00f3gico del cristianismo.<br>Con la expansi\u00f3n europea hacia Am\u00e9rica en el siglo XVI, la Semana Santa fue introducida como parte del proceso de evangelizaci\u00f3n. No obstante, investigaciones del Instituto Nacional de Antropolog\u00eda e Historia documentan que su adopci\u00f3n no fue uniforme ni pasiva, sino que deriv\u00f3 en un proceso de sincretismo con las tradiciones de los pueblos originarios.<br>Antes de la llegada de los espa\u00f1oles, diversas culturas mesoamericanas ya contaban con rituales p\u00fablicos que inclu\u00edan procesiones, uso de im\u00e1genes, m\u00fasica ceremonial y calendarios festivos ligados a los ciclos agr\u00edcolas. Estas estructuras facilitaron la incorporaci\u00f3n de los relatos cristianos, que fueron reinterpretados desde las cosmovisiones locales.<br>Uno de los ejemplos m\u00e1s representativos se encuentra en Iztapalapa, donde cada a\u00f1o se escenifica la Pasi\u00f3n de Cristo con la participaci\u00f3n de la comunidad. Este evento combina elementos teatrales heredados de Europa con formas de organizaci\u00f3n colectiva que remiten a tradiciones ind\u00edgenas, como la participaci\u00f3n por barrios y el cumplimiento de promesas religiosas.<br>En Michoac\u00e1n, las comunidades pur\u00e9pechas realizan procesiones nocturnas marcadas por el silencio y el uso de velas, pr\u00e1cticas que, de acuerdo con estudios etnogr\u00e1ficos, evocan tanto el luto cristiano como antiguos rituales relacionados con la muerte y el tr\u00e1nsito espiritual.<br>Un caso similar ocurre en Taxco, donde los penitentes participan en actos de expiaci\u00f3n durante el Viernes Santo. Aunque la penitencia tiene ra\u00edces en la tradici\u00f3n medieval europea, en este contexto adquiere nuevos significados al vincularse con concepciones ind\u00edgenas del sacrificio como forma de equilibrio espiritual.<br>En el sureste del pa\u00eds, particularmente en Yucat\u00e1n, comunidades mayas han integrado elementos propios como el uso de su lengua en los rezos y la reinterpretaci\u00f3n de s\u00edmbolos cristianos. La cruz, por ejemplo, puede asociarse con la ceiba, \u00e1rbol sagrado que representa la conexi\u00f3n entre los distintos niveles del universo en su cosmovisi\u00f3n.<br>El historiador Serge Gruzinski ha se\u00f1alado que este proceso no debe entenderse como una simple imposici\u00f3n, sino como una negociaci\u00f3n cultural en la que los pueblos ind\u00edgenas resignificaron los s\u00edmbolos cristianos desde sus propias creencias.<\/p>\n","protected":false},"excerpt":{"rendered":"<p>David Morales La Semana Santa, una de las conmemoraciones m\u00e1s extendidas del calendario occidental, tiene su origen en los primeros siglos del cristianismo y est\u00e1 vinculada a los \u00faltimos d\u00edas de vida de Jesucristo. Su desarrollo hist\u00f3rico no solo responde a una tradici\u00f3n religiosa, sino tambi\u00e9n a un proceso de transformaci\u00f3n cultural que se consolid\u00f3 [&hellip;]<\/p>\n","protected":false},"author":2,"featured_media":496136,"comment_status":"closed","ping_status":"closed","sticky":false,"template":"","format":"standard","meta":{"footnotes":""},"categories":[67],"tags":[],"class_list":["post-496135","post","type-post","status-publish","format-standard","has-post-thumbnail","hentry","category-mundo-diverso"],"_links":{"self":[{"href":"https:\/\/diarioavancetabasco.com\/index.php?rest_route=\/wp\/v2\/posts\/496135","targetHints":{"allow":["GET"]}}],"collection":[{"href":"https:\/\/diarioavancetabasco.com\/index.php?rest_route=\/wp\/v2\/posts"}],"about":[{"href":"https:\/\/diarioavancetabasco.com\/index.php?rest_route=\/wp\/v2\/types\/post"}],"author":[{"embeddable":true,"href":"https:\/\/diarioavancetabasco.com\/index.php?rest_route=\/wp\/v2\/users\/2"}],"replies":[{"embeddable":true,"href":"https:\/\/diarioavancetabasco.com\/index.php?rest_route=%2Fwp%2Fv2%2Fcomments&post=496135"}],"version-history":[{"count":1,"href":"https:\/\/diarioavancetabasco.com\/index.php?rest_route=\/wp\/v2\/posts\/496135\/revisions"}],"predecessor-version":[{"id":496137,"href":"https:\/\/diarioavancetabasco.com\/index.php?rest_route=\/wp\/v2\/posts\/496135\/revisions\/496137"}],"wp:featuredmedia":[{"embeddable":true,"href":"https:\/\/diarioavancetabasco.com\/index.php?rest_route=\/wp\/v2\/media\/496136"}],"wp:attachment":[{"href":"https:\/\/diarioavancetabasco.com\/index.php?rest_route=%2Fwp%2Fv2%2Fmedia&parent=496135"}],"wp:term":[{"taxonomy":"category","embeddable":true,"href":"https:\/\/diarioavancetabasco.com\/index.php?rest_route=%2Fwp%2Fv2%2Fcategories&post=496135"},{"taxonomy":"post_tag","embeddable":true,"href":"https:\/\/diarioavancetabasco.com\/index.php?rest_route=%2Fwp%2Fv2%2Ftags&post=496135"}],"curies":[{"name":"wp","href":"https:\/\/api.w.org\/{rel}","templated":true}]}}