{"id":497684,"date":"2026-04-23T16:56:08","date_gmt":"2026-04-23T21:56:08","guid":{"rendered":"https:\/\/diarioavancetabasco.com\/?p=497684"},"modified":"2026-04-23T16:56:10","modified_gmt":"2026-04-23T21:56:10","slug":"dia-internacional-del-libro","status":"publish","type":"post","link":"https:\/\/diarioavancetabasco.com\/?p=497684","title":{"rendered":"D\u00eda Internacional del Libro"},"content":{"rendered":"\n<p class=\"has-medium-font-size\"><strong>David Morales<\/strong><\/p>\n\n\n\n<p>Leer no solo informa, tambi\u00e9n preserva lo que somos. Cada 23 de abril se conmemora el D\u00eda Internacional del Libro, una fecha impulsada por la Organizaci\u00f3n de las Naciones Unidas para la Educaci\u00f3n, la Ciencia y la Cultura para fomentar la lectura, la industria editorial y la protecci\u00f3n de la propiedad intelectual.<\/p>\n\n\n\n<p>La elecci\u00f3n del d\u00eda no es casual. Est\u00e1 vinculada a la muerte de figuras clave de la literatura universal como Miguel de Cervantes, William Shakespeare y Inca Garcilaso de la Vega, todos fallecidos en 1616 seg\u00fan distintos calendarios. Este cruce hist\u00f3rico convirti\u00f3 la fecha en un s\u00edmbolo literario de alcance global.<\/p>\n\n\n\n<p>El libro, como objeto, ha tenido una evoluci\u00f3n prolongada. Desde los rollos de papiro en civilizaciones antiguas hasta la invenci\u00f3n de la imprenta de tipos m\u00f3viles por Johannes Gutenberg en el siglo XV, su desarrollo permiti\u00f3 la difusi\u00f3n masiva del conocimiento. Este avance transform\u00f3 la educaci\u00f3n, la ciencia y la vida cultural.<\/p>\n\n\n\n<p>Datos de organismos como la UNESCO se\u00f1alan que la lectura est\u00e1 directamente relacionada con el desarrollo cognitivo y social. Pa\u00edses con mayores \u00edndices de lectura tienden a presentar mejores niveles educativos, lo que refuerza la importancia del acceso a libros desde edades tempranas.<\/p>\n\n\n\n<p>En M\u00e9xico, el libro ha sido una herramienta clave en la construcci\u00f3n cultural. Instituciones como el Fondo de Cultura Econ\u00f3mica y la Secretar\u00eda de Cultura han impulsado programas para ampliar el acceso a la lectura, mientras que ferias y eventos literarios acercan autores y obras a distintos p\u00fablicos.<\/p>\n\n\n\n<p>M\u00e1s all\u00e1 de su formato f\u00edsico, el libro ha sabido adaptarse. Las versiones digitales y los audiolibros han ampliado su alcance, permitiendo que nuevas generaciones accedan a contenidos de manera distinta. Aun as\u00ed, especialistas coinciden en que el valor del libro no depende del soporte, sino de su contenido.<\/p>\n\n\n\n<p>El impacto de la lectura trasciende lo individual. A trav\u00e9s de los libros se transmiten ideas, se documenta la historia y se construyen identidades. Obras literarias han influido en movimientos sociales, pensamiento pol\u00edtico y expresiones culturales a lo largo del tiempo.<\/p>\n","protected":false},"excerpt":{"rendered":"<p>David Morales Leer no solo informa, tambi\u00e9n preserva lo que somos. Cada 23 de abril se conmemora el D\u00eda Internacional del Libro, una fecha impulsada por la Organizaci\u00f3n de las Naciones Unidas para la Educaci\u00f3n, la Ciencia y la Cultura para fomentar la lectura, la industria editorial y la protecci\u00f3n de la propiedad intelectual. La [&hellip;]<\/p>\n","protected":false},"author":2,"featured_media":497685,"comment_status":"closed","ping_status":"closed","sticky":false,"template":"","format":"standard","meta":{"footnotes":""},"categories":[48],"tags":[],"class_list":["post-497684","post","type-post","status-publish","format-standard","has-post-thumbnail","hentry","category-cultura"],"_links":{"self":[{"href":"https:\/\/diarioavancetabasco.com\/index.php?rest_route=\/wp\/v2\/posts\/497684","targetHints":{"allow":["GET"]}}],"collection":[{"href":"https:\/\/diarioavancetabasco.com\/index.php?rest_route=\/wp\/v2\/posts"}],"about":[{"href":"https:\/\/diarioavancetabasco.com\/index.php?rest_route=\/wp\/v2\/types\/post"}],"author":[{"embeddable":true,"href":"https:\/\/diarioavancetabasco.com\/index.php?rest_route=\/wp\/v2\/users\/2"}],"replies":[{"embeddable":true,"href":"https:\/\/diarioavancetabasco.com\/index.php?rest_route=%2Fwp%2Fv2%2Fcomments&post=497684"}],"version-history":[{"count":1,"href":"https:\/\/diarioavancetabasco.com\/index.php?rest_route=\/wp\/v2\/posts\/497684\/revisions"}],"predecessor-version":[{"id":497686,"href":"https:\/\/diarioavancetabasco.com\/index.php?rest_route=\/wp\/v2\/posts\/497684\/revisions\/497686"}],"wp:featuredmedia":[{"embeddable":true,"href":"https:\/\/diarioavancetabasco.com\/index.php?rest_route=\/wp\/v2\/media\/497685"}],"wp:attachment":[{"href":"https:\/\/diarioavancetabasco.com\/index.php?rest_route=%2Fwp%2Fv2%2Fmedia&parent=497684"}],"wp:term":[{"taxonomy":"category","embeddable":true,"href":"https:\/\/diarioavancetabasco.com\/index.php?rest_route=%2Fwp%2Fv2%2Fcategories&post=497684"},{"taxonomy":"post_tag","embeddable":true,"href":"https:\/\/diarioavancetabasco.com\/index.php?rest_route=%2Fwp%2Fv2%2Ftags&post=497684"}],"curies":[{"name":"wp","href":"https:\/\/api.w.org\/{rel}","templated":true}]}}