{"id":497688,"date":"2026-04-23T16:57:40","date_gmt":"2026-04-23T21:57:40","guid":{"rendered":"https:\/\/diarioavancetabasco.com\/?p=497688"},"modified":"2026-04-23T16:57:42","modified_gmt":"2026-04-23T21:57:42","slug":"dia-del-idioma-espanol","status":"publish","type":"post","link":"https:\/\/diarioavancetabasco.com\/?p=497688","title":{"rendered":"D\u00eda del Idioma Espa\u00f1ol"},"content":{"rendered":"\n<p class=\"has-medium-font-size\"><strong>David Morales<\/strong><\/p>\n\n\n\n<p>M\u00e1s all\u00e1 de su uso cotidiano, el espa\u00f1ol puede observarse desde datos precisos que revelan su alcance. El 23 de abril, en el D\u00eda del Idioma Espa\u00f1ol, organismos internacionales y academias ling\u00fc\u00edsticas coinciden en subrayar la dimensi\u00f3n global de esta lengua.<\/p>\n\n\n\n<p>De entrada, el espa\u00f1ol ocupa una posici\u00f3n destacada. Informes del Instituto Cervantes documentan que es la segunda lengua materna del mundo por n\u00famero de hablantes. Adem\u00e1s, su crecimiento contin\u00faa, impulsado por la demograf\u00eda de pa\u00edses hispanohablantes y la expansi\u00f3n del idioma como segunda lengua.<\/p>\n\n\n\n<p>Desde una perspectiva hist\u00f3rica, textos recopilados por la Real Academia Espa\u00f1ola muestran que el espa\u00f1ol comenz\u00f3 a diferenciarse del lat\u00edn alrededor del siglo IX. Uno de los registros m\u00e1s antiguos es el de las Glosas Emilianenses, anotaciones en un c\u00f3dice que reflejan una transici\u00f3n entre el lat\u00edn y las primeras formas del romance hisp\u00e1nico.<\/p>\n\n\n\n<p>Otro dato relevante es su extensi\u00f3n geogr\u00e1fica. Actualmente, el espa\u00f1ol es lengua oficial en m\u00e1s de 20 pa\u00edses, lo que lo convierte en uno de los idiomas con mayor distribuci\u00f3n territorial. Documentos de la Organizaci\u00f3n de las Naciones Unidas tambi\u00e9n confirman su estatus como idioma oficial en organismos internacionales.<\/p>\n\n\n\n<p>En el \u00e1mbito digital, su presencia sigue en aumento. Estudios del Instituto Cervantes se\u00f1alan que el espa\u00f1ol es una de las lenguas m\u00e1s utilizadas en internet, especialmente en redes sociales y plataformas de contenido, lo que refleja su adaptaci\u00f3n a entornos tecnol\u00f3gicos.<\/p>\n\n\n\n<p>Desde el punto de vista ling\u00fc\u00edstico, el idioma cuenta con m\u00e1s de 90 mil palabras registradas en el diccionario acad\u00e9mico, aunque su n\u00famero real es mayor debido a regionalismos y t\u00e9rminos en constante incorporaci\u00f3n. Este dinamismo ha sido documentado por la Real Academia Espa\u00f1ola a trav\u00e9s de actualizaciones peri\u00f3dicas.<\/p>\n\n\n\n<p>Un aspecto menos visible es la influencia de otras lenguas. Investigaciones ling\u00fc\u00edsticas indican que el espa\u00f1ol incorpora miles de palabras de origen \u00e1rabe, resultado de siglos de presencia en la pen\u00ednsula ib\u00e9rica. Este fen\u00f3meno ha sido ampliamente estudiado en corpus hist\u00f3ricos y filol\u00f3gicos.<\/p>\n\n\n\n<p>En Am\u00e9rica, el idioma tambi\u00e9n se transform\u00f3. El contacto con lenguas originarias aport\u00f3 vocablos como \u201cchocolate\u201d, \u201ctomate\u201d o \u201ccacahuate\u201d, t\u00e9rminos documentados en registros coloniales y estudios etimol\u00f3gicos.<\/p>\n","protected":false},"excerpt":{"rendered":"<p>David Morales M\u00e1s all\u00e1 de su uso cotidiano, el espa\u00f1ol puede observarse desde datos precisos que revelan su alcance. El 23 de abril, en el D\u00eda del Idioma Espa\u00f1ol, organismos internacionales y academias ling\u00fc\u00edsticas coinciden en subrayar la dimensi\u00f3n global de esta lengua. De entrada, el espa\u00f1ol ocupa una posici\u00f3n destacada. Informes del Instituto Cervantes [&hellip;]<\/p>\n","protected":false},"author":2,"featured_media":497689,"comment_status":"closed","ping_status":"closed","sticky":false,"template":"","format":"standard","meta":{"footnotes":""},"categories":[48],"tags":[],"class_list":["post-497688","post","type-post","status-publish","format-standard","has-post-thumbnail","hentry","category-cultura"],"_links":{"self":[{"href":"https:\/\/diarioavancetabasco.com\/index.php?rest_route=\/wp\/v2\/posts\/497688","targetHints":{"allow":["GET"]}}],"collection":[{"href":"https:\/\/diarioavancetabasco.com\/index.php?rest_route=\/wp\/v2\/posts"}],"about":[{"href":"https:\/\/diarioavancetabasco.com\/index.php?rest_route=\/wp\/v2\/types\/post"}],"author":[{"embeddable":true,"href":"https:\/\/diarioavancetabasco.com\/index.php?rest_route=\/wp\/v2\/users\/2"}],"replies":[{"embeddable":true,"href":"https:\/\/diarioavancetabasco.com\/index.php?rest_route=%2Fwp%2Fv2%2Fcomments&post=497688"}],"version-history":[{"count":1,"href":"https:\/\/diarioavancetabasco.com\/index.php?rest_route=\/wp\/v2\/posts\/497688\/revisions"}],"predecessor-version":[{"id":497690,"href":"https:\/\/diarioavancetabasco.com\/index.php?rest_route=\/wp\/v2\/posts\/497688\/revisions\/497690"}],"wp:featuredmedia":[{"embeddable":true,"href":"https:\/\/diarioavancetabasco.com\/index.php?rest_route=\/wp\/v2\/media\/497689"}],"wp:attachment":[{"href":"https:\/\/diarioavancetabasco.com\/index.php?rest_route=%2Fwp%2Fv2%2Fmedia&parent=497688"}],"wp:term":[{"taxonomy":"category","embeddable":true,"href":"https:\/\/diarioavancetabasco.com\/index.php?rest_route=%2Fwp%2Fv2%2Fcategories&post=497688"},{"taxonomy":"post_tag","embeddable":true,"href":"https:\/\/diarioavancetabasco.com\/index.php?rest_route=%2Fwp%2Fv2%2Ftags&post=497688"}],"curies":[{"name":"wp","href":"https:\/\/api.w.org\/{rel}","templated":true}]}}