{"id":497703,"date":"2026-04-23T17:40:58","date_gmt":"2026-04-23T22:40:58","guid":{"rendered":"https:\/\/diarioavancetabasco.com\/?p=497703"},"modified":"2026-04-23T17:40:59","modified_gmt":"2026-04-23T22:40:59","slug":"mariana-y-samuel-anuncian-llegada-de-tercer-hijo","status":"publish","type":"post","link":"https:\/\/diarioavancetabasco.com\/?p=497703","title":{"rendered":"Mariana y Samuel anuncian llegada de tercer hijo"},"content":{"rendered":"\n<p class=\"has-medium-font-size\"><strong>Paola Casta\u00f1eda<\/strong><\/p>\n\n\n\n<p>Mariana Rodr\u00edguez y el gobernador Samuel Garc\u00eda confirmaron que esperan a su tercer hijo. La noticia fue compartida mediante un emotivo mensaje en sus redes sociales oficiales. \u00abTe amamos desde antes de conocerte\u00bb, escribieron junto a una fotograf\u00eda con sus hijas. El anuncio se volvi\u00f3 viral r\u00e1pidamente, generando miles de reacciones entre sus seguidores.<\/p>\n\n\n\n<p>Este nuevo integrante llega en un momento de gran relevancia para la familia regiomontana. La titular de Amar a Nuevo Le\u00f3n ha compartido este proceso con su comunidad digital. Por su parte, el mandatario estatal expres\u00f3 su alegr\u00eda por ver crecer su hogar as\u00ed. La pareja agradeci\u00f3 las muestras de afecto recibidas tras publicar la tierna imagen.<\/p>\n\n\n\n<p>La noticia destaca la importancia de confiar en los tiempos de la vida y la familia. Los simpatizantes de la pareja han llenado las plataformas con mensajes de felicitaci\u00f3n. Este acontecimiento personal se suma a la activa agenda p\u00fablica que ambos mantienen. La familia Garc\u00eda Rodr\u00edguez se prepara para recibir con amor al pr\u00f3ximo beb\u00e9 pronto.<\/p>\n\n\n\n<p>El impacto medi\u00e1tico de este anuncio confirma la influencia de Mariana en el \u00e1mbito digital. Miles de usuarios celebran la llegada del nuevo hermano para Mariel y su peque\u00f1a hermana. La publicaci\u00f3n contin\u00faa siendo tendencia en los portales de noticias del espect\u00e1culo nacional. Sin duda, este es un cap\u00edtulo de mucha felicidad para el joven matrimonio estatal.<\/p>\n\n\n\n<p><\/p>\n","protected":false},"excerpt":{"rendered":"<p>Paola Casta\u00f1eda Mariana Rodr\u00edguez y el gobernador Samuel Garc\u00eda confirmaron que esperan a su tercer hijo. La noticia fue compartida mediante un emotivo mensaje en sus redes sociales oficiales. \u00abTe amamos desde antes de conocerte\u00bb, escribieron junto a una fotograf\u00eda con sus hijas. El anuncio se volvi\u00f3 viral r\u00e1pidamente, generando miles de reacciones entre sus [&hellip;]<\/p>\n","protected":false},"author":2,"featured_media":497704,"comment_status":"closed","ping_status":"closed","sticky":false,"template":"","format":"standard","meta":{"footnotes":""},"categories":[9],"tags":[],"class_list":["post-497703","post","type-post","status-publish","format-standard","has-post-thumbnail","hentry","category-politica"],"_links":{"self":[{"href":"https:\/\/diarioavancetabasco.com\/index.php?rest_route=\/wp\/v2\/posts\/497703","targetHints":{"allow":["GET"]}}],"collection":[{"href":"https:\/\/diarioavancetabasco.com\/index.php?rest_route=\/wp\/v2\/posts"}],"about":[{"href":"https:\/\/diarioavancetabasco.com\/index.php?rest_route=\/wp\/v2\/types\/post"}],"author":[{"embeddable":true,"href":"https:\/\/diarioavancetabasco.com\/index.php?rest_route=\/wp\/v2\/users\/2"}],"replies":[{"embeddable":true,"href":"https:\/\/diarioavancetabasco.com\/index.php?rest_route=%2Fwp%2Fv2%2Fcomments&post=497703"}],"version-history":[{"count":1,"href":"https:\/\/diarioavancetabasco.com\/index.php?rest_route=\/wp\/v2\/posts\/497703\/revisions"}],"predecessor-version":[{"id":497705,"href":"https:\/\/diarioavancetabasco.com\/index.php?rest_route=\/wp\/v2\/posts\/497703\/revisions\/497705"}],"wp:featuredmedia":[{"embeddable":true,"href":"https:\/\/diarioavancetabasco.com\/index.php?rest_route=\/wp\/v2\/media\/497704"}],"wp:attachment":[{"href":"https:\/\/diarioavancetabasco.com\/index.php?rest_route=%2Fwp%2Fv2%2Fmedia&parent=497703"}],"wp:term":[{"taxonomy":"category","embeddable":true,"href":"https:\/\/diarioavancetabasco.com\/index.php?rest_route=%2Fwp%2Fv2%2Fcategories&post=497703"},{"taxonomy":"post_tag","embeddable":true,"href":"https:\/\/diarioavancetabasco.com\/index.php?rest_route=%2Fwp%2Fv2%2Ftags&post=497703"}],"curies":[{"name":"wp","href":"https:\/\/api.w.org\/{rel}","templated":true}]}}