{"id":497756,"date":"2026-04-24T00:00:00","date_gmt":"2026-04-24T05:00:00","guid":{"rendered":"https:\/\/diarioavancetabasco.com\/?p=497756"},"modified":"2026-04-23T22:50:19","modified_gmt":"2026-04-24T03:50:19","slug":"javier-aguirre-indeciso","status":"publish","type":"post","link":"https:\/\/diarioavancetabasco.com\/?p=497756","title":{"rendered":"Javier Aguirre, indeciso"},"content":{"rendered":"\n<p style=\"font-size:20px\"><strong>Agencia\/Ciudad de M\u00e9xico<\/strong><\/p>\n\n\n\n<p>Javier Aguirre sigue detallando la lista de jugadores de Liga MX que presentar\u00e1 para que comience la concentraci\u00f3n pensando en el Mundial 2026, donde los futbolistas elegidos que pertenezcan a equipos clasificados a la Liguilla, tienen su lugar en la justa completamente asegurado.<\/p>\n\n\n\n<p>El director t\u00e9cnico del conjunto nacional no \u2018desarmar\u00e1\u2019 sin raz\u00f3n a los clubes que logren acceder a la Fase Final, por lo que quienes aparezcan en la convocatoria que se presente el lunes 4 o martes 5 de mayo, ser\u00e1 para que tomen ritmo en conjunto y est\u00e9n listos para el torneo veraniego.<\/p>\n\n\n\n<p>Las cosas cambiaron, pues el plan inicial de Javier Aguirre de convocar solamente 14 o 15 futbolistas de la Liga MX para que se concentren y hagan el trabajo previo al Mundial, sin embargo, esos no alcanzan para enfrentar a Ghana en Puebla el pr\u00f3ximo 22 de mayo.<\/p>\n\n\n\n<p>Por ello, ser\u00e1n llamados&nbsp; futbolistas de equipos no clasificados, advertidos de que es muy factible que no vayan a la Copa del Mundo. Casos como Denzell Garc\u00eda, Iker Fimbres, V\u00edctor Guzm\u00e1n, Eduardo \u00c1guila, Kevin Casta\u00f1eda, entre otros.<\/p>\n\n\n\n<p>SE MANTIENE PROMESA CON EQUIPOS DE LIGUILLA<\/p>\n\n\n\n<p>Futbolistas de equipos como Am\u00e9rica, Chivas, Cruz Azul o Toluca que aparezcan en la convocatoria es seguro que van a la Copa del Mundo porque fue el compromiso de Javier Aguirre con los clubes para poder hacer esta primera concentraci\u00f3n a m\u00e1s de un mes del Mundial.<\/p>\n\n\n\n<p>Lista posible de convocados de Liga MX a la Selecci\u00f3n Mexicana<\/p>\n\n\n\n<p>Porteros: Ra\u00fal Rangel y Carlos Acevedo<\/p>\n\n\n\n<p>Defensas: Jes\u00fas Gallardo, Everardo L\u00f3pez, Israel Reyes y Richard Ledezma<\/p>\n\n\n\n<p>Mediocampistas: Brian Guti\u00e9rrez, Gilberto Mora, Carlos Rodr\u00edguez, Erik Lira y Marcel Ruiz<\/p>\n\n\n\n<p>Atacantes: Alexis Vega, Roberto Alvarado y Armando Gonz\u00e1lez<\/p>\n","protected":false},"excerpt":{"rendered":"<p>Agencia\/Ciudad de M\u00e9xico Javier Aguirre sigue detallando la lista de jugadores de Liga MX que presentar\u00e1 para que comience la concentraci\u00f3n pensando en el Mundial 2026, donde los futbolistas elegidos que pertenezcan a equipos clasificados a la Liguilla, tienen su lugar en la justa completamente asegurado. El director t\u00e9cnico del conjunto nacional no \u2018desarmar\u00e1\u2019 sin [&hellip;]<\/p>\n","protected":false},"author":2,"featured_media":497757,"comment_status":"closed","ping_status":"closed","sticky":false,"template":"","format":"standard","meta":{"footnotes":""},"categories":[6],"tags":[],"class_list":["post-497756","post","type-post","status-publish","format-standard","has-post-thumbnail","hentry","category-deportes"],"_links":{"self":[{"href":"https:\/\/diarioavancetabasco.com\/index.php?rest_route=\/wp\/v2\/posts\/497756","targetHints":{"allow":["GET"]}}],"collection":[{"href":"https:\/\/diarioavancetabasco.com\/index.php?rest_route=\/wp\/v2\/posts"}],"about":[{"href":"https:\/\/diarioavancetabasco.com\/index.php?rest_route=\/wp\/v2\/types\/post"}],"author":[{"embeddable":true,"href":"https:\/\/diarioavancetabasco.com\/index.php?rest_route=\/wp\/v2\/users\/2"}],"replies":[{"embeddable":true,"href":"https:\/\/diarioavancetabasco.com\/index.php?rest_route=%2Fwp%2Fv2%2Fcomments&post=497756"}],"version-history":[{"count":1,"href":"https:\/\/diarioavancetabasco.com\/index.php?rest_route=\/wp\/v2\/posts\/497756\/revisions"}],"predecessor-version":[{"id":497758,"href":"https:\/\/diarioavancetabasco.com\/index.php?rest_route=\/wp\/v2\/posts\/497756\/revisions\/497758"}],"wp:featuredmedia":[{"embeddable":true,"href":"https:\/\/diarioavancetabasco.com\/index.php?rest_route=\/wp\/v2\/media\/497757"}],"wp:attachment":[{"href":"https:\/\/diarioavancetabasco.com\/index.php?rest_route=%2Fwp%2Fv2%2Fmedia&parent=497756"}],"wp:term":[{"taxonomy":"category","embeddable":true,"href":"https:\/\/diarioavancetabasco.com\/index.php?rest_route=%2Fwp%2Fv2%2Fcategories&post=497756"},{"taxonomy":"post_tag","embeddable":true,"href":"https:\/\/diarioavancetabasco.com\/index.php?rest_route=%2Fwp%2Fv2%2Ftags&post=497756"}],"curies":[{"name":"wp","href":"https:\/\/api.w.org\/{rel}","templated":true}]}}