{"id":497801,"date":"2026-04-24T18:08:04","date_gmt":"2026-04-24T23:08:04","guid":{"rendered":"https:\/\/diarioavancetabasco.com\/?p=497801"},"modified":"2026-04-24T18:08:05","modified_gmt":"2026-04-24T23:08:05","slug":"arranca-centro-joven-en-villahermosa-impulso-al-futuro-de-la-juventud-con-respaldo-de-yolanda-osuna","status":"publish","type":"post","link":"https:\/\/diarioavancetabasco.com\/?p=497801","title":{"rendered":"Arranca \u201cCentro + Joven\u201d en Villahermosa: impulso al futuro de la juventud con respaldo de Yolanda Osuna"},"content":{"rendered":"\n<p class=\"has-medium-font-size\"><strong>ABISAC MARQUEZ<\/strong><\/p>\n\n\n\n<p>Este viernes fue inaugurado el evento \u201cCentro + Joven: Tu Futuro, una iniciativa impulsada por el Instituto Municipal de la Juventud y el Deporte en Centro (IMJUDEC), que busca orientar a las nuevas generaciones en la toma de decisiones sobre su futuro acad\u00e9mico y profesional.<\/p>\n\n\n\n<p>La ceremonia de apertura cont\u00f3 con la participaci\u00f3n de la alcaldesa de Centro, Yolanda Osuna Huerta, as\u00ed como del coordinador del IMJUDEC, Emmanuel Mart\u00ednez Patraca, quienes destacaron la importancia de generar espacios que acerquen a las y los j\u00f3venes a oportunidades reales de desarrollo.<\/p>\n\n\n\n<p>El encuentro se lleva a cabo los d\u00edas 24 y 25 de abril, en un horario de 10:00 a 19:00 horas, teniendo como sede el Gran Sal\u00f3n Villahermosa del Tom\u00e1s Garrido Canabal, donde se desarrollan diversas actividades dise\u00f1adas para brindar herramientas \u00fatiles en la construcci\u00f3n de proyectos de vida.<\/p>\n\n\n\n<p>A trav\u00e9s de este evento, las y los asistentes pueden acceder a charlas informativas sobre carreras del futuro, como la nanotecnolog\u00eda, adem\u00e1s de conocer propuestas innovadoras y opciones de emprendimiento acordes a las tendencias actuales del mercado laboral.<\/p>\n\n\n\n<p>Asimismo, el programa incluye conferencias enfocadas en la toma de decisiones, espacios de expresi\u00f3n juvenil con m\u00fasica en vivo y testimonios inspiradores de \u00e9xito y superaci\u00f3n, con el objetivo de motivar a la juventud a definir su camino con mayor claridad.<\/p>\n\n\n\n<p>\u201cCentro + Joven: tu futuro\u201d busca consolidarse como una plataforma integral que acerque a la juventud del municipio de Centro a nuevas oportunidades, en un entorno din\u00e1mico, informativo y motivador, respaldado por el compromiso de las autoridades municipales.<\/p>\n","protected":false},"excerpt":{"rendered":"<p>ABISAC MARQUEZ Este viernes fue inaugurado el evento \u201cCentro + Joven: Tu Futuro, una iniciativa impulsada por el Instituto Municipal de la Juventud y el Deporte en Centro (IMJUDEC), que busca orientar a las nuevas generaciones en la toma de decisiones sobre su futuro acad\u00e9mico y profesional. La ceremonia de apertura cont\u00f3 con la participaci\u00f3n [&hellip;]<\/p>\n","protected":false},"author":2,"featured_media":497802,"comment_status":"closed","ping_status":"closed","sticky":false,"template":"","format":"standard","meta":{"footnotes":""},"categories":[57],"tags":[],"class_list":["post-497801","post","type-post","status-publish","format-standard","has-post-thumbnail","hentry","category-local"],"_links":{"self":[{"href":"https:\/\/diarioavancetabasco.com\/index.php?rest_route=\/wp\/v2\/posts\/497801","targetHints":{"allow":["GET"]}}],"collection":[{"href":"https:\/\/diarioavancetabasco.com\/index.php?rest_route=\/wp\/v2\/posts"}],"about":[{"href":"https:\/\/diarioavancetabasco.com\/index.php?rest_route=\/wp\/v2\/types\/post"}],"author":[{"embeddable":true,"href":"https:\/\/diarioavancetabasco.com\/index.php?rest_route=\/wp\/v2\/users\/2"}],"replies":[{"embeddable":true,"href":"https:\/\/diarioavancetabasco.com\/index.php?rest_route=%2Fwp%2Fv2%2Fcomments&post=497801"}],"version-history":[{"count":1,"href":"https:\/\/diarioavancetabasco.com\/index.php?rest_route=\/wp\/v2\/posts\/497801\/revisions"}],"predecessor-version":[{"id":497803,"href":"https:\/\/diarioavancetabasco.com\/index.php?rest_route=\/wp\/v2\/posts\/497801\/revisions\/497803"}],"wp:featuredmedia":[{"embeddable":true,"href":"https:\/\/diarioavancetabasco.com\/index.php?rest_route=\/wp\/v2\/media\/497802"}],"wp:attachment":[{"href":"https:\/\/diarioavancetabasco.com\/index.php?rest_route=%2Fwp%2Fv2%2Fmedia&parent=497801"}],"wp:term":[{"taxonomy":"category","embeddable":true,"href":"https:\/\/diarioavancetabasco.com\/index.php?rest_route=%2Fwp%2Fv2%2Fcategories&post=497801"},{"taxonomy":"post_tag","embeddable":true,"href":"https:\/\/diarioavancetabasco.com\/index.php?rest_route=%2Fwp%2Fv2%2Ftags&post=497801"}],"curies":[{"name":"wp","href":"https:\/\/api.w.org\/{rel}","templated":true}]}}