{"id":497807,"date":"2026-04-24T18:15:54","date_gmt":"2026-04-24T23:15:54","guid":{"rendered":"https:\/\/diarioavancetabasco.com\/?p=497807"},"modified":"2026-04-24T18:15:57","modified_gmt":"2026-04-24T23:15:57","slug":"manana-inicia-semana-nacional-de-vacunacion-aplicaran-dosis-vsr-a-embarazadas","status":"publish","type":"post","link":"https:\/\/diarioavancetabasco.com\/?p=497807","title":{"rendered":"Ma\u00f1ana inicia Semana Nacional de Vacunaci\u00f3n; aplicar\u00e1n dosis VSR a embarazadas"},"content":{"rendered":"\n<p class=\"has-medium-font-size\"><strong>ABISAC MARQUEZ<\/strong><\/p>\n\n\n\n<p>El secretario de Salud de Tabasco, Alejandro Calder\u00f3n Alipi, anunci\u00f3 que a partir del 25 de abril comenzar\u00e1 la aplicaci\u00f3n de la vacuna contra el Virus Sincitial Respiratorio (VSR) dirigida a mujeres embarazadas de entre 32 y 36 semanas de gestaci\u00f3n, como parte de la Primera Semana Nacional de Vacunaci\u00f3n 2026.<\/p>\n\n\n\n<p>El funcionario subray\u00f3 que esta inmunizaci\u00f3n marca un avance relevante en la protecci\u00f3n materno-infantil, al prevenir complicaciones respiratorias en reci\u00e9n nacidos.<\/p>\n\n\n\n<p>\u201cVa a reducir considerablemente las enfermedades respiratorias en los beb\u00e9s que est\u00e1n por nacer; es un paso muy importante en salud p\u00fablica\u201d, expres\u00f3.<\/p>\n\n\n\n<p>La jornada se desarrollar\u00e1 del 25 de abril al 2 de mayo en los 17 municipios del estado, con la meta de aplicar m\u00e1s de 18 mil dosis de diversas vacunas incluidas en el esquema nacional, bajo el lema \u201cVacunar es amar\u201d.<\/p>\n\n\n\n<p>Para facilitar el acceso, se dispondr\u00e1 de 644 unidades m\u00e9dicas, as\u00ed como m\u00f3dulos en espacios p\u00fablicos como mercados, escuelas y centros comerciales.<\/p>\n\n\n\n<p>Finalmente, la Secretar\u00eda de Salud hizo un llamado a la poblaci\u00f3n, en especial a mujeres embarazadas, a acudir con su Cartilla Nacional de Salud y aprovechar la aplicaci\u00f3n gratuita de las vacunas, con el objetivo de proteger tanto a las madres como a sus hijos.<\/p>\n","protected":false},"excerpt":{"rendered":"<p>ABISAC MARQUEZ El secretario de Salud de Tabasco, Alejandro Calder\u00f3n Alipi, anunci\u00f3 que a partir del 25 de abril comenzar\u00e1 la aplicaci\u00f3n de la vacuna contra el Virus Sincitial Respiratorio (VSR) dirigida a mujeres embarazadas de entre 32 y 36 semanas de gestaci\u00f3n, como parte de la Primera Semana Nacional de Vacunaci\u00f3n 2026. El funcionario [&hellip;]<\/p>\n","protected":false},"author":2,"featured_media":497808,"comment_status":"closed","ping_status":"closed","sticky":false,"template":"","format":"standard","meta":{"footnotes":""},"categories":[57],"tags":[],"class_list":["post-497807","post","type-post","status-publish","format-standard","has-post-thumbnail","hentry","category-local"],"_links":{"self":[{"href":"https:\/\/diarioavancetabasco.com\/index.php?rest_route=\/wp\/v2\/posts\/497807","targetHints":{"allow":["GET"]}}],"collection":[{"href":"https:\/\/diarioavancetabasco.com\/index.php?rest_route=\/wp\/v2\/posts"}],"about":[{"href":"https:\/\/diarioavancetabasco.com\/index.php?rest_route=\/wp\/v2\/types\/post"}],"author":[{"embeddable":true,"href":"https:\/\/diarioavancetabasco.com\/index.php?rest_route=\/wp\/v2\/users\/2"}],"replies":[{"embeddable":true,"href":"https:\/\/diarioavancetabasco.com\/index.php?rest_route=%2Fwp%2Fv2%2Fcomments&post=497807"}],"version-history":[{"count":1,"href":"https:\/\/diarioavancetabasco.com\/index.php?rest_route=\/wp\/v2\/posts\/497807\/revisions"}],"predecessor-version":[{"id":497809,"href":"https:\/\/diarioavancetabasco.com\/index.php?rest_route=\/wp\/v2\/posts\/497807\/revisions\/497809"}],"wp:featuredmedia":[{"embeddable":true,"href":"https:\/\/diarioavancetabasco.com\/index.php?rest_route=\/wp\/v2\/media\/497808"}],"wp:attachment":[{"href":"https:\/\/diarioavancetabasco.com\/index.php?rest_route=%2Fwp%2Fv2%2Fmedia&parent=497807"}],"wp:term":[{"taxonomy":"category","embeddable":true,"href":"https:\/\/diarioavancetabasco.com\/index.php?rest_route=%2Fwp%2Fv2%2Fcategories&post=497807"},{"taxonomy":"post_tag","embeddable":true,"href":"https:\/\/diarioavancetabasco.com\/index.php?rest_route=%2Fwp%2Fv2%2Ftags&post=497807"}],"curies":[{"name":"wp","href":"https:\/\/api.w.org\/{rel}","templated":true}]}}