{"id":497876,"date":"2026-04-26T14:22:37","date_gmt":"2026-04-26T19:22:37","guid":{"rendered":"https:\/\/diarioavancetabasco.com\/?p=497876"},"modified":"2026-04-26T14:22:39","modified_gmt":"2026-04-26T19:22:39","slug":"detienen-a-alcalde-de-tlalnepantla-por-presunto-abuso-sexual-infantil-en-morelos","status":"publish","type":"post","link":"https:\/\/diarioavancetabasco.com\/?p=497876","title":{"rendered":"Detienen a alcalde de Tlalnepantla por presunto abuso sexual infantil en Morelos"},"content":{"rendered":"\n<p class=\"has-medium-font-size\"><strong>REDACCION \/ AVANCE<\/strong><br>Autoridades de Morelos confirmaron la detenci\u00f3n de Jorge Armando \u201cN\u201d, presidente municipal de Tlalnepantla, por su presunta responsabilidad en un caso de abuso sexual infantil, lo que ha generado conmoci\u00f3n en la regi\u00f3n.<\/p>\n\n\n\n<p>La Fiscal\u00eda General del Estado de Morelos inform\u00f3 que el edil fue presentado ante el Ministerio P\u00fablico en la regi\u00f3n oriente, donde se integrar\u00e1 la carpeta de investigaci\u00f3n y se definir\u00e1 su situaci\u00f3n legal en las pr\u00f3ximas horas.<\/p>\n\n\n\n<p>De acuerdo con reportes, la detenci\u00f3n fue realizada por elementos de seguridad del municipio de Tlayacapan, quienes lo pusieron a disposici\u00f3n de las autoridades competentes.<\/p>\n\n\n\n<p>El ahora detenido lleg\u00f3 al cargo impulsado por el Partido Encuentro Solidario, aunque posteriormente anunci\u00f3 su incorporaci\u00f3n a Morena antes de asumir funciones como alcalde.<\/p>\n\n\n\n<p>El caso se mantiene en proceso de investigaci\u00f3n, mientras autoridades estatales reiteraron su compromiso de aplicar la ley y garantizar justicia en delitos que afectan a menores de edad.<\/p>\n","protected":false},"excerpt":{"rendered":"<p>REDACCION \/ AVANCEAutoridades de Morelos confirmaron la detenci\u00f3n de Jorge Armando \u201cN\u201d, presidente municipal de Tlalnepantla, por su presunta responsabilidad en un caso de abuso sexual infantil, lo que ha generado conmoci\u00f3n en la regi\u00f3n. La Fiscal\u00eda General del Estado de Morelos inform\u00f3 que el edil fue presentado ante el Ministerio P\u00fablico en la regi\u00f3n [&hellip;]<\/p>\n","protected":false},"author":2,"featured_media":497877,"comment_status":"closed","ping_status":"closed","sticky":false,"template":"","format":"standard","meta":{"footnotes":""},"categories":[3],"tags":[],"class_list":["post-497876","post","type-post","status-publish","format-standard","has-post-thumbnail","hentry","category-nacional"],"_links":{"self":[{"href":"https:\/\/diarioavancetabasco.com\/index.php?rest_route=\/wp\/v2\/posts\/497876","targetHints":{"allow":["GET"]}}],"collection":[{"href":"https:\/\/diarioavancetabasco.com\/index.php?rest_route=\/wp\/v2\/posts"}],"about":[{"href":"https:\/\/diarioavancetabasco.com\/index.php?rest_route=\/wp\/v2\/types\/post"}],"author":[{"embeddable":true,"href":"https:\/\/diarioavancetabasco.com\/index.php?rest_route=\/wp\/v2\/users\/2"}],"replies":[{"embeddable":true,"href":"https:\/\/diarioavancetabasco.com\/index.php?rest_route=%2Fwp%2Fv2%2Fcomments&post=497876"}],"version-history":[{"count":1,"href":"https:\/\/diarioavancetabasco.com\/index.php?rest_route=\/wp\/v2\/posts\/497876\/revisions"}],"predecessor-version":[{"id":497878,"href":"https:\/\/diarioavancetabasco.com\/index.php?rest_route=\/wp\/v2\/posts\/497876\/revisions\/497878"}],"wp:featuredmedia":[{"embeddable":true,"href":"https:\/\/diarioavancetabasco.com\/index.php?rest_route=\/wp\/v2\/media\/497877"}],"wp:attachment":[{"href":"https:\/\/diarioavancetabasco.com\/index.php?rest_route=%2Fwp%2Fv2%2Fmedia&parent=497876"}],"wp:term":[{"taxonomy":"category","embeddable":true,"href":"https:\/\/diarioavancetabasco.com\/index.php?rest_route=%2Fwp%2Fv2%2Fcategories&post=497876"},{"taxonomy":"post_tag","embeddable":true,"href":"https:\/\/diarioavancetabasco.com\/index.php?rest_route=%2Fwp%2Fv2%2Ftags&post=497876"}],"curies":[{"name":"wp","href":"https:\/\/api.w.org\/{rel}","templated":true}]}}