{"id":497882,"date":"2026-04-26T14:30:06","date_gmt":"2026-04-26T19:30:06","guid":{"rendered":"https:\/\/diarioavancetabasco.com\/?p=497882"},"modified":"2026-04-26T14:30:09","modified_gmt":"2026-04-26T19:30:09","slug":"villahermosa-sera-sede-del-primer-congreso-guadalupano-en-junio","status":"publish","type":"post","link":"https:\/\/diarioavancetabasco.com\/?p=497882","title":{"rendered":"Villahermosa ser\u00e1 sede del Primer Congreso Guadalupano en junio"},"content":{"rendered":"\n<p class=\"has-medium-font-size\"><strong>ABISAC MARQUEZ<\/strong><\/p>\n\n\n\n<p>La Di\u00f3cesis de Tabasco anunci\u00f3 la realizaci\u00f3n del Primer Congreso Guadalupano, un encuentro religioso que se llevar\u00e1 a cabo en la capital del estado los d\u00edas 20 y 21 de junio, teniendo como sede el parque Tabasco \u201cDora Mar\u00eda\u201d, espec\u00edficamente en la Nave 1 del recinto ferial.<\/p>\n\n\n\n<p>El obispo de Tabasco, Gerardo de Jes\u00fas Rojas L\u00f3pez, inform\u00f3 que el evento contar\u00e1 con la participaci\u00f3n de Monse\u00f1or Eduardo Ch\u00e1vez S\u00e1nchez, reconocido promotor de la causa de canonizaci\u00f3n de San Juan Diego, figura central en las apariciones de la Virgen de Guadalupe.<\/p>\n\n\n\n<p>Aunque a\u00fan no se han dado a conocer los temas espec\u00edficos que se abordar\u00e1n durante el congreso, se prev\u00e9 que el encuentro est\u00e9 enfocado en la reflexi\u00f3n, la evangelizaci\u00f3n y el fortalecimiento de la devoci\u00f3n guadalupana entre los fieles.<\/p>\n\n\n\n<p>Por otra parte, el obispo tambi\u00e9n actualiz\u00f3 informaci\u00f3n sobre el proyecto de ampliaci\u00f3n de la Catedral de Tabasco, al se\u00f1alar que los trabajos contin\u00faan en marcha como parte de una iniciativa de largo alcance para fortalecer la infraestructura del principal templo de la di\u00f3cesis.<\/p>\n\n\n\n<p>Rojas L\u00f3pez reconoci\u00f3 que la obra implica una importante inversi\u00f3n econ\u00f3mica, por lo que reiter\u00f3 la necesidad de contar con recursos suficientes para avanzar en la construcci\u00f3n.<\/p>\n\n\n\n<p>\u201cSe ha iniciado el proyecto para concluir la Catedral; se requieren fondos importantes para poder edificar algo grande y digno de nuestra Iglesia\u201d, expres\u00f3.<\/p>\n\n\n\n<p>El proyecto forma parte de los esfuerzos de la Iglesia local para mejorar los espacios de culto y responder al crecimiento de la comunidad cat\u00f3lica en la entidad.<\/p>\n","protected":false},"excerpt":{"rendered":"<p>ABISAC MARQUEZ La Di\u00f3cesis de Tabasco anunci\u00f3 la realizaci\u00f3n del Primer Congreso Guadalupano, un encuentro religioso que se llevar\u00e1 a cabo en la capital del estado los d\u00edas 20 y 21 de junio, teniendo como sede el parque Tabasco \u201cDora Mar\u00eda\u201d, espec\u00edficamente en la Nave 1 del recinto ferial. El obispo de Tabasco, Gerardo de [&hellip;]<\/p>\n","protected":false},"author":2,"featured_media":497883,"comment_status":"closed","ping_status":"closed","sticky":false,"template":"","format":"standard","meta":{"footnotes":""},"categories":[57],"tags":[],"class_list":["post-497882","post","type-post","status-publish","format-standard","has-post-thumbnail","hentry","category-local"],"_links":{"self":[{"href":"https:\/\/diarioavancetabasco.com\/index.php?rest_route=\/wp\/v2\/posts\/497882","targetHints":{"allow":["GET"]}}],"collection":[{"href":"https:\/\/diarioavancetabasco.com\/index.php?rest_route=\/wp\/v2\/posts"}],"about":[{"href":"https:\/\/diarioavancetabasco.com\/index.php?rest_route=\/wp\/v2\/types\/post"}],"author":[{"embeddable":true,"href":"https:\/\/diarioavancetabasco.com\/index.php?rest_route=\/wp\/v2\/users\/2"}],"replies":[{"embeddable":true,"href":"https:\/\/diarioavancetabasco.com\/index.php?rest_route=%2Fwp%2Fv2%2Fcomments&post=497882"}],"version-history":[{"count":1,"href":"https:\/\/diarioavancetabasco.com\/index.php?rest_route=\/wp\/v2\/posts\/497882\/revisions"}],"predecessor-version":[{"id":497884,"href":"https:\/\/diarioavancetabasco.com\/index.php?rest_route=\/wp\/v2\/posts\/497882\/revisions\/497884"}],"wp:featuredmedia":[{"embeddable":true,"href":"https:\/\/diarioavancetabasco.com\/index.php?rest_route=\/wp\/v2\/media\/497883"}],"wp:attachment":[{"href":"https:\/\/diarioavancetabasco.com\/index.php?rest_route=%2Fwp%2Fv2%2Fmedia&parent=497882"}],"wp:term":[{"taxonomy":"category","embeddable":true,"href":"https:\/\/diarioavancetabasco.com\/index.php?rest_route=%2Fwp%2Fv2%2Fcategories&post=497882"},{"taxonomy":"post_tag","embeddable":true,"href":"https:\/\/diarioavancetabasco.com\/index.php?rest_route=%2Fwp%2Fv2%2Ftags&post=497882"}],"curies":[{"name":"wp","href":"https:\/\/api.w.org\/{rel}","templated":true}]}}