{"id":497909,"date":"2026-04-27T18:38:04","date_gmt":"2026-04-27T23:38:04","guid":{"rendered":"https:\/\/diarioavancetabasco.com\/?p=497909"},"modified":"2026-04-27T18:38:05","modified_gmt":"2026-04-27T23:38:05","slug":"talento-tabasqueno-rinde-frutos-delegacion-de-la-dgeti-parte-al-xxv-festival-academico-nacional-con-el-respaldo-del-gobernador-javier-may","status":"publish","type":"post","link":"https:\/\/diarioavancetabasco.com\/?p=497909","title":{"rendered":"Talento tabasque\u00f1o rinde frutos: Delegaci\u00f3n de la DGETI parte al XXV Festival Acad\u00e9mico Nacional con el respaldo del gobernador Javier May"},"content":{"rendered":"\n<p class=\"has-medium-font-size\"><strong>ABISAC MARQUEZ<\/strong><\/p>\n\n\n\n<p>Con el compromiso de poner en alto el nombre de Tabasco y el respaldo del gobernador Javier May Rodr\u00edguez, este lunes parti\u00f3 la delegaci\u00f3n estatal de la Direcci\u00f3n General de Educaci\u00f3n Tecnol\u00f3gica Industrial (DGETI) al XXV Festival Acad\u00e9mico Nacional 2026, el certamen de excelencia m\u00e1s importante para los subsistemas CETis y CBTis del pa\u00eds.<\/p>\n\n\n\n<p><br>La jornada comenz\u00f3 con una grata sorpresa en la terminal del Aeropuerto Internacional de la ciudad de Villahermosa, donde las y los j\u00f3venes coincidieron con el gobernador Javier May Rodr\u00edguez, quien tambi\u00e9n abordar\u00eda un vuelo comercial.<br><\/p>\n\n\n\n<p>En el breve pero significativo encuentro, el mandatario estatal dialog\u00f3 con los estudiantes, a quienes dijo reconocerles el esfuerzo que los llev\u00f3 a esta etapa nacional y motivarlos a dar su mejor desempe\u00f1o.<br><\/p>\n\n\n\n<p>En sus redes sociales, May Rodr\u00edguez comparti\u00f3 el momento y destac\u00f3 que estos j\u00f3venes son el reflejo de la preparaci\u00f3n y el talento que existe en las aulas tabasque\u00f1as. Adem\u00e1s, los exhort\u00f3 a competir con orgullo y a disfrutar de una experiencia que no solo mide conocimientos, sino que forja el car\u00e1cter.<br><\/p>\n\n\n\n<p>El XXV Festival Acad\u00e9mico Nacional es una plataforma dise\u00f1ada para promover el pensamiento cr\u00edtico y el trabajo colaborativo. Los representantes de Tabasco medir\u00e1n sus habilidades en \u00e1reas fundamentales como Matem\u00e1ticas, Ciencias Experimentales, Humanidades y Ciencias Sociales.<\/p>\n","protected":false},"excerpt":{"rendered":"<p>ABISAC MARQUEZ Con el compromiso de poner en alto el nombre de Tabasco y el respaldo del gobernador Javier May Rodr\u00edguez, este lunes parti\u00f3 la delegaci\u00f3n estatal de la Direcci\u00f3n General de Educaci\u00f3n Tecnol\u00f3gica Industrial (DGETI) al XXV Festival Acad\u00e9mico Nacional 2026, el certamen de excelencia m\u00e1s importante para los subsistemas CETis y CBTis del [&hellip;]<\/p>\n","protected":false},"author":2,"featured_media":497910,"comment_status":"closed","ping_status":"closed","sticky":false,"template":"","format":"standard","meta":{"footnotes":""},"categories":[57],"tags":[],"class_list":["post-497909","post","type-post","status-publish","format-standard","has-post-thumbnail","hentry","category-local"],"_links":{"self":[{"href":"https:\/\/diarioavancetabasco.com\/index.php?rest_route=\/wp\/v2\/posts\/497909","targetHints":{"allow":["GET"]}}],"collection":[{"href":"https:\/\/diarioavancetabasco.com\/index.php?rest_route=\/wp\/v2\/posts"}],"about":[{"href":"https:\/\/diarioavancetabasco.com\/index.php?rest_route=\/wp\/v2\/types\/post"}],"author":[{"embeddable":true,"href":"https:\/\/diarioavancetabasco.com\/index.php?rest_route=\/wp\/v2\/users\/2"}],"replies":[{"embeddable":true,"href":"https:\/\/diarioavancetabasco.com\/index.php?rest_route=%2Fwp%2Fv2%2Fcomments&post=497909"}],"version-history":[{"count":1,"href":"https:\/\/diarioavancetabasco.com\/index.php?rest_route=\/wp\/v2\/posts\/497909\/revisions"}],"predecessor-version":[{"id":497911,"href":"https:\/\/diarioavancetabasco.com\/index.php?rest_route=\/wp\/v2\/posts\/497909\/revisions\/497911"}],"wp:featuredmedia":[{"embeddable":true,"href":"https:\/\/diarioavancetabasco.com\/index.php?rest_route=\/wp\/v2\/media\/497910"}],"wp:attachment":[{"href":"https:\/\/diarioavancetabasco.com\/index.php?rest_route=%2Fwp%2Fv2%2Fmedia&parent=497909"}],"wp:term":[{"taxonomy":"category","embeddable":true,"href":"https:\/\/diarioavancetabasco.com\/index.php?rest_route=%2Fwp%2Fv2%2Fcategories&post=497909"},{"taxonomy":"post_tag","embeddable":true,"href":"https:\/\/diarioavancetabasco.com\/index.php?rest_route=%2Fwp%2Fv2%2Ftags&post=497909"}],"curies":[{"name":"wp","href":"https:\/\/api.w.org\/{rel}","templated":true}]}}