{"id":497915,"date":"2026-04-27T18:50:43","date_gmt":"2026-04-27T23:50:43","guid":{"rendered":"https:\/\/diarioavancetabasco.com\/?p=497915"},"modified":"2026-04-27T18:50:45","modified_gmt":"2026-04-27T23:50:45","slug":"saldo-blanco-y-mejor-organizacion-en-desfile-de-carros-alegoricos-en-centro","status":"publish","type":"post","link":"https:\/\/diarioavancetabasco.com\/?p=497915","title":{"rendered":"Saldo blanco y mejor organizaci\u00f3n en desfile de carros aleg\u00f3ricos en Centro"},"content":{"rendered":"\n<p class=\"has-medium-font-size\"><strong>ABISAC MARQUEZ<\/strong><\/p>\n\n\n\n<p>El desfile de carros aleg\u00f3ricos, considerado el arranque de la \u201cm\u00e1xima fiesta\u201d de los tabasque\u00f1os, se desarroll\u00f3 con saldo positivo y sin incidentes mayores, inform\u00f3 el coordinador de Protecci\u00f3n Civil del municipio de Centro, Jos\u00e9 Arturo G\u00f3mez Ascencio.<\/p>\n\n\n\n<p>En entrevista el funcionario destac\u00f3 que el evento transcurri\u00f3 en un ambiente de orden y coordinaci\u00f3n entre autoridades de los tres niveles de gobierno, lo que permiti\u00f3 una mejor organizaci\u00f3n en comparaci\u00f3n con a\u00f1os anteriores. Subray\u00f3 adem\u00e1s el trabajo conjunto con el Instituto de Protecci\u00f3n Civil del Estado, encabezado por Armando Pulido Pardo, as\u00ed como la participaci\u00f3n de cada municipio en la implementaci\u00f3n de medidas de seguridad para sus respectivos contingentes.<\/p>\n\n\n\n<p>Detall\u00f3 que el municipio de Centro despleg\u00f3 un total de 30 elementos operativos, quienes se encargaron tanto de la vigilancia del desfile como de la atenci\u00f3n de cualquier eventualidad registrada durante el recorrido.<\/p>\n\n\n\n<p class=\"has-medium-font-size\"><br>En cuanto a incidencias, G\u00f3mez Ascencio inform\u00f3 que se brindaron seis atenciones por golpes de calor, de las cuales solo una persona requiri\u00f3 traslado a un hospital, mientras que el resto fue atendido en el lugar. Asimismo, se reportaron alrededor de 13 casos de ca\u00eddas menores, sin que se presentaran complicaciones graves.<\/p>\n\n\n\n<p>El coordinador se\u00f1al\u00f3 que, a diferencia del a\u00f1o pasado \u2014cuando se registr\u00f3 una gran concentraci\u00f3n desbordada de asistentes\u2014, en esta edici\u00f3n hubo un mejor control de la afluencia y de los tiempos del evento, lo que contribuy\u00f3 a un desarrollo m\u00e1s fluido y seguro.<\/p>\n","protected":false},"excerpt":{"rendered":"<p>ABISAC MARQUEZ El desfile de carros aleg\u00f3ricos, considerado el arranque de la \u201cm\u00e1xima fiesta\u201d de los tabasque\u00f1os, se desarroll\u00f3 con saldo positivo y sin incidentes mayores, inform\u00f3 el coordinador de Protecci\u00f3n Civil del municipio de Centro, Jos\u00e9 Arturo G\u00f3mez Ascencio. En entrevista el funcionario destac\u00f3 que el evento transcurri\u00f3 en un ambiente de orden y [&hellip;]<\/p>\n","protected":false},"author":2,"featured_media":497916,"comment_status":"closed","ping_status":"closed","sticky":false,"template":"","format":"standard","meta":{"footnotes":""},"categories":[57],"tags":[],"class_list":["post-497915","post","type-post","status-publish","format-standard","has-post-thumbnail","hentry","category-local"],"_links":{"self":[{"href":"https:\/\/diarioavancetabasco.com\/index.php?rest_route=\/wp\/v2\/posts\/497915","targetHints":{"allow":["GET"]}}],"collection":[{"href":"https:\/\/diarioavancetabasco.com\/index.php?rest_route=\/wp\/v2\/posts"}],"about":[{"href":"https:\/\/diarioavancetabasco.com\/index.php?rest_route=\/wp\/v2\/types\/post"}],"author":[{"embeddable":true,"href":"https:\/\/diarioavancetabasco.com\/index.php?rest_route=\/wp\/v2\/users\/2"}],"replies":[{"embeddable":true,"href":"https:\/\/diarioavancetabasco.com\/index.php?rest_route=%2Fwp%2Fv2%2Fcomments&post=497915"}],"version-history":[{"count":1,"href":"https:\/\/diarioavancetabasco.com\/index.php?rest_route=\/wp\/v2\/posts\/497915\/revisions"}],"predecessor-version":[{"id":497917,"href":"https:\/\/diarioavancetabasco.com\/index.php?rest_route=\/wp\/v2\/posts\/497915\/revisions\/497917"}],"wp:featuredmedia":[{"embeddable":true,"href":"https:\/\/diarioavancetabasco.com\/index.php?rest_route=\/wp\/v2\/media\/497916"}],"wp:attachment":[{"href":"https:\/\/diarioavancetabasco.com\/index.php?rest_route=%2Fwp%2Fv2%2Fmedia&parent=497915"}],"wp:term":[{"taxonomy":"category","embeddable":true,"href":"https:\/\/diarioavancetabasco.com\/index.php?rest_route=%2Fwp%2Fv2%2Fcategories&post=497915"},{"taxonomy":"post_tag","embeddable":true,"href":"https:\/\/diarioavancetabasco.com\/index.php?rest_route=%2Fwp%2Fv2%2Ftags&post=497915"}],"curies":[{"name":"wp","href":"https:\/\/api.w.org\/{rel}","templated":true}]}}