{"id":497984,"date":"2026-04-27T19:52:51","date_gmt":"2026-04-28T00:52:51","guid":{"rendered":"https:\/\/diarioavancetabasco.com\/?p=497984"},"modified":"2026-04-27T19:52:53","modified_gmt":"2026-04-28T00:52:53","slug":"anuncian-cierres-viales-en-centro-por-evento-de-embajadoras-de-la-feria-tabasco-2026","status":"publish","type":"post","link":"https:\/\/diarioavancetabasco.com\/?p=497984","title":{"rendered":"Anuncian cierres viales en Centro por evento de embajadoras de la Feria Tabasco 2026"},"content":{"rendered":"\n<p class=\"has-medium-font-size\"><strong>ABISAC MARQUEZ<\/strong><\/p>\n\n\n\n<p>El Ayuntamiento de Centro anunci\u00f3 un operativo vial para este martes 28 de abril debido a la ceremonia en la que se reconocer\u00e1 como Hu\u00e9spedes Distinguidas a las embajadoras de la Feria Tabasco 2026. El evento tendr\u00e1 lugar en la Plaza de la Revoluci\u00f3n y reunir\u00e1 a autoridades, participantes y p\u00fablico en general.<\/p>\n\n\n\n<p>Como parte de las medidas preventivas, se implementar\u00e1n cierres parciales en distintas vialidades a partir de las 16:00 horas, con el objetivo de garantizar la seguridad de los asistentes y facilitar el desarrollo de la actividad.<\/p>\n\n\n\n<p>De acuerdo con la informaci\u00f3n oficial, las restricciones a la circulaci\u00f3n se aplicar\u00e1n en el carril lateral de Paseo Tabasco, desde la esquina con V\u00eda 19 hasta la intersecci\u00f3n con la avenida de Los R\u00edos. Asimismo, se ver\u00e1 afectada la circulaci\u00f3n en la avenida Planetario, en el tramo que va desde el Centro de Convenciones hasta Paseo Tabasco.<\/p>\n\n\n\n<p>Las autoridades municipales exhortaron a la ciudadan\u00eda a tomar precauciones, anticipar sus traslados y considerar rutas alternas para evitar contratiempos durante la realizaci\u00f3n del evento. Adem\u00e1s, recomendaron mantenerse atentos a los avisos oficiales sobre posibles ajustes en la circulaci\u00f3n.<\/p>\n","protected":false},"excerpt":{"rendered":"<p>ABISAC MARQUEZ El Ayuntamiento de Centro anunci\u00f3 un operativo vial para este martes 28 de abril debido a la ceremonia en la que se reconocer\u00e1 como Hu\u00e9spedes Distinguidas a las embajadoras de la Feria Tabasco 2026. El evento tendr\u00e1 lugar en la Plaza de la Revoluci\u00f3n y reunir\u00e1 a autoridades, participantes y p\u00fablico en general. [&hellip;]<\/p>\n","protected":false},"author":2,"featured_media":497985,"comment_status":"closed","ping_status":"closed","sticky":false,"template":"","format":"standard","meta":{"footnotes":""},"categories":[57],"tags":[],"class_list":["post-497984","post","type-post","status-publish","format-standard","has-post-thumbnail","hentry","category-local"],"_links":{"self":[{"href":"https:\/\/diarioavancetabasco.com\/index.php?rest_route=\/wp\/v2\/posts\/497984","targetHints":{"allow":["GET"]}}],"collection":[{"href":"https:\/\/diarioavancetabasco.com\/index.php?rest_route=\/wp\/v2\/posts"}],"about":[{"href":"https:\/\/diarioavancetabasco.com\/index.php?rest_route=\/wp\/v2\/types\/post"}],"author":[{"embeddable":true,"href":"https:\/\/diarioavancetabasco.com\/index.php?rest_route=\/wp\/v2\/users\/2"}],"replies":[{"embeddable":true,"href":"https:\/\/diarioavancetabasco.com\/index.php?rest_route=%2Fwp%2Fv2%2Fcomments&post=497984"}],"version-history":[{"count":2,"href":"https:\/\/diarioavancetabasco.com\/index.php?rest_route=\/wp\/v2\/posts\/497984\/revisions"}],"predecessor-version":[{"id":498004,"href":"https:\/\/diarioavancetabasco.com\/index.php?rest_route=\/wp\/v2\/posts\/497984\/revisions\/498004"}],"wp:featuredmedia":[{"embeddable":true,"href":"https:\/\/diarioavancetabasco.com\/index.php?rest_route=\/wp\/v2\/media\/497985"}],"wp:attachment":[{"href":"https:\/\/diarioavancetabasco.com\/index.php?rest_route=%2Fwp%2Fv2%2Fmedia&parent=497984"}],"wp:term":[{"taxonomy":"category","embeddable":true,"href":"https:\/\/diarioavancetabasco.com\/index.php?rest_route=%2Fwp%2Fv2%2Fcategories&post=497984"},{"taxonomy":"post_tag","embeddable":true,"href":"https:\/\/diarioavancetabasco.com\/index.php?rest_route=%2Fwp%2Fv2%2Ftags&post=497984"}],"curies":[{"name":"wp","href":"https:\/\/api.w.org\/{rel}","templated":true}]}}