{"id":497998,"date":"2026-04-27T20:05:27","date_gmt":"2026-04-28T01:05:27","guid":{"rendered":"https:\/\/diarioavancetabasco.com\/?p=497998"},"modified":"2026-04-27T20:05:29","modified_gmt":"2026-04-28T01:05:29","slug":"capturan-en-jalisco-a-presunto-operador-financiero-ligado-a-el-jardinero","status":"publish","type":"post","link":"https:\/\/diarioavancetabasco.com\/?p=497998","title":{"rendered":"Capturan en Jalisco a presunto operador financiero ligado a \u201cEl Jardinero\u201d"},"content":{"rendered":"\n<p class=\"has-medium-font-size\"><strong>REDACCION \/AVANCE<\/strong><br>Un operativo coordinado entre fuerzas federales deriv\u00f3 en la detenci\u00f3n de un hombre identificado como pieza clave en la estructura financiera de un grupo delictivo, inform\u00f3 el secretario de Seguridad, Omar Garc\u00eda Harfuch.<\/p>\n\n\n\n<p>El detenido, Alejandro \u201cN\u201d, alias \u201cEl G\u00fcero Conta\u201d, fue ubicado en el municipio de Zapopan, Jalisco, donde elementos de la Defensa y la Guardia Nacional ejecutaron su captura sin que se reportaran enfrentamientos.<\/p>\n\n\n\n<p>De acuerdo con las autoridades, el presunto operador era responsable de gestionar recursos de procedencia il\u00edcita mediante esquemas de lavado de dinero, utilizando empresas fachada y prestanombres. Las investigaciones tambi\u00e9n lo vinculan con la compra de diversos bienes, entre ellos propiedades, ranchos, aeronaves y embarcaciones, as\u00ed como inversiones en la industria tequilera.<\/p>\n\n\n\n<p>Las indagatorias se\u00f1alan que \u201cEl G\u00fcero Conta\u201d manten\u00eda una relaci\u00f3n directa con Audias Flores Silva, l\u00edder criminal detenido previamente en Nayarit durante un despliegue encabezado por fuerzas especiales de la Secretar\u00eda de Marina.<\/p>\n\n\n\n<p>Autoridades federales destacaron que ambas detenciones representan un golpe importante a las estructuras operativas y financieras del grupo delictivo, al debilitar tanto su liderazgo como sus mecanismos de financiamiento. Mientras tanto, los detenidos quedaron a disposici\u00f3n del Ministerio P\u00fablico, que continuar\u00e1 con las investigaciones correspondientes.<\/p>\n","protected":false},"excerpt":{"rendered":"<p>REDACCION \/AVANCEUn operativo coordinado entre fuerzas federales deriv\u00f3 en la detenci\u00f3n de un hombre identificado como pieza clave en la estructura financiera de un grupo delictivo, inform\u00f3 el secretario de Seguridad, Omar Garc\u00eda Harfuch. El detenido, Alejandro \u201cN\u201d, alias \u201cEl G\u00fcero Conta\u201d, fue ubicado en el municipio de Zapopan, Jalisco, donde elementos de la Defensa [&hellip;]<\/p>\n","protected":false},"author":2,"featured_media":497999,"comment_status":"closed","ping_status":"closed","sticky":false,"template":"","format":"standard","meta":{"footnotes":""},"categories":[57],"tags":[],"class_list":["post-497998","post","type-post","status-publish","format-standard","has-post-thumbnail","hentry","category-local"],"_links":{"self":[{"href":"https:\/\/diarioavancetabasco.com\/index.php?rest_route=\/wp\/v2\/posts\/497998","targetHints":{"allow":["GET"]}}],"collection":[{"href":"https:\/\/diarioavancetabasco.com\/index.php?rest_route=\/wp\/v2\/posts"}],"about":[{"href":"https:\/\/diarioavancetabasco.com\/index.php?rest_route=\/wp\/v2\/types\/post"}],"author":[{"embeddable":true,"href":"https:\/\/diarioavancetabasco.com\/index.php?rest_route=\/wp\/v2\/users\/2"}],"replies":[{"embeddable":true,"href":"https:\/\/diarioavancetabasco.com\/index.php?rest_route=%2Fwp%2Fv2%2Fcomments&post=497998"}],"version-history":[{"count":1,"href":"https:\/\/diarioavancetabasco.com\/index.php?rest_route=\/wp\/v2\/posts\/497998\/revisions"}],"predecessor-version":[{"id":498000,"href":"https:\/\/diarioavancetabasco.com\/index.php?rest_route=\/wp\/v2\/posts\/497998\/revisions\/498000"}],"wp:featuredmedia":[{"embeddable":true,"href":"https:\/\/diarioavancetabasco.com\/index.php?rest_route=\/wp\/v2\/media\/497999"}],"wp:attachment":[{"href":"https:\/\/diarioavancetabasco.com\/index.php?rest_route=%2Fwp%2Fv2%2Fmedia&parent=497998"}],"wp:term":[{"taxonomy":"category","embeddable":true,"href":"https:\/\/diarioavancetabasco.com\/index.php?rest_route=%2Fwp%2Fv2%2Fcategories&post=497998"},{"taxonomy":"post_tag","embeddable":true,"href":"https:\/\/diarioavancetabasco.com\/index.php?rest_route=%2Fwp%2Fv2%2Ftags&post=497998"}],"curies":[{"name":"wp","href":"https:\/\/api.w.org\/{rel}","templated":true}]}}