{"id":498014,"date":"2026-04-28T00:00:00","date_gmt":"2026-04-28T05:00:00","guid":{"rendered":"https:\/\/diarioavancetabasco.com\/?p=498014"},"modified":"2026-04-27T22:01:41","modified_gmt":"2026-04-28T03:01:41","slug":"la-chilindrina-pone-a-bailar-a-ninos-y-adultos-en-la-malinche","status":"publish","type":"post","link":"https:\/\/diarioavancetabasco.com\/?p=498014","title":{"rendered":"\u201cLa Chilindrina\u201d pone a bailar a ni\u00f1os y adultos en \u201cLa Malinche\u201d"},"content":{"rendered":"\n<p style=\"font-size:20px\"><strong>Agencia\/Ciudad de M\u00e9xico<\/strong><\/p>\n\n\n\n<p>La nostalgia se apoder\u00f3 del escenario cuando Mar\u00eda Antonieta de las Nieves, mejor conocida como \u201cla Chilindrina\u201d, hizo una aparici\u00f3n especial en la obra \u201cLa Malinche\u201d.<\/p>\n\n\n\n<p>Durante el saludo final, al ritmo de su emblem\u00e1tico tema \u201cPeluch\u00edn\u201d, la actriz apareci\u00f3 con chamarra de piel y boina negra, desatando la euforia y los aplausos del p\u00fablico, que no dud\u00f3 en acompa\u00f1arla cantando.<\/p>\n\n\n\n<p>La int\u00e9rprete asegur\u00f3 que formar parte de esta producci\u00f3n representa un sue\u00f1o cumplido dentro de su trayectoria de m\u00e1s de cinco d\u00e9cadas con el personaje.<\/p>\n\n\n\n<p>&nbsp;\u201cA mis 52 a\u00f1os siendo \u00b4la Chilindrina\u00b4 jam\u00e1s pens\u00e9 estar en un escenario tan hermoso, con una producci\u00f3n tan maravillosa. Para m\u00ed ha sido un privilegio\u201d, expres\u00f3.<\/p>\n\n\n\n<p>Adem\u00e1s, organiz\u00f3 una din\u00e1mica con el p\u00fablico al dividir el teatro para corear \u201cPeluch\u00edn\u201d y \u201cPeluch\u00f3n\u201d, logrando que los asistentes participaran con entusiasmo y revivieran la ilusi\u00f3n de su infancia.<\/p>\n\n\n\n<p>EL PAPEL DE \u201cLA CHILINDRINA\u201d<\/p>\n\n\n\n<p>Durante la funci\u00f3n del domingo, la actriz interpret\u00f3 a Catalina, hermana de la amante del Gobernador Vel\u00e1zquez, de Cuba, lo que gener\u00f3 una ovaci\u00f3n por parte del p\u00fablico, en su mayor\u00eda adultos que crecieron con sus historias en televisi\u00f3n.<\/p>\n\n\n\n<p>En esta funci\u00f3n especial, estuvo acompa\u00f1ada por amigos y familiares cercanos, entre ellos Luis Manuel \u00c1vila, su hija Ver\u00f3nica G\u00f3mez Fern\u00e1ndez, sus nietas, as\u00ed como su estilista y core\u00f3grafo, a quienes agradeci\u00f3 su apoyo.<\/p>\n\n\n\n<p>RECONOCIMIENTO EN EL ESCENARIO<\/p>\n\n\n\n<p>Al finalizar la obra, Nacho Cano le entreg\u00f3 un reconocimiento especial y destac\u00f3 su legado en el entretenimiento.<\/p>\n\n\n\n<p>&nbsp;\u201cMe he re\u00eddo mucho con \u2018la Chilindrina\u2019\u2026 Estoy muy agradecido de que los grandes artistas de M\u00e9xico quieran pasar por este escenario\u201d, se\u00f1al\u00f3.<\/p>\n","protected":false},"excerpt":{"rendered":"<p>Agencia\/Ciudad de M\u00e9xico La nostalgia se apoder\u00f3 del escenario cuando Mar\u00eda Antonieta de las Nieves, mejor conocida como \u201cla Chilindrina\u201d, hizo una aparici\u00f3n especial en la obra \u201cLa Malinche\u201d. Durante el saludo final, al ritmo de su emblem\u00e1tico tema \u201cPeluch\u00edn\u201d, la actriz apareci\u00f3 con chamarra de piel y boina negra, desatando la euforia y los [&hellip;]<\/p>\n","protected":false},"author":2,"featured_media":498010,"comment_status":"closed","ping_status":"closed","sticky":false,"template":"","format":"standard","meta":{"footnotes":""},"categories":[65],"tags":[],"class_list":["post-498014","post","type-post","status-publish","format-standard","has-post-thumbnail","hentry","category-farandula"],"_links":{"self":[{"href":"https:\/\/diarioavancetabasco.com\/index.php?rest_route=\/wp\/v2\/posts\/498014","targetHints":{"allow":["GET"]}}],"collection":[{"href":"https:\/\/diarioavancetabasco.com\/index.php?rest_route=\/wp\/v2\/posts"}],"about":[{"href":"https:\/\/diarioavancetabasco.com\/index.php?rest_route=\/wp\/v2\/types\/post"}],"author":[{"embeddable":true,"href":"https:\/\/diarioavancetabasco.com\/index.php?rest_route=\/wp\/v2\/users\/2"}],"replies":[{"embeddable":true,"href":"https:\/\/diarioavancetabasco.com\/index.php?rest_route=%2Fwp%2Fv2%2Fcomments&post=498014"}],"version-history":[{"count":1,"href":"https:\/\/diarioavancetabasco.com\/index.php?rest_route=\/wp\/v2\/posts\/498014\/revisions"}],"predecessor-version":[{"id":498015,"href":"https:\/\/diarioavancetabasco.com\/index.php?rest_route=\/wp\/v2\/posts\/498014\/revisions\/498015"}],"wp:featuredmedia":[{"embeddable":true,"href":"https:\/\/diarioavancetabasco.com\/index.php?rest_route=\/wp\/v2\/media\/498010"}],"wp:attachment":[{"href":"https:\/\/diarioavancetabasco.com\/index.php?rest_route=%2Fwp%2Fv2%2Fmedia&parent=498014"}],"wp:term":[{"taxonomy":"category","embeddable":true,"href":"https:\/\/diarioavancetabasco.com\/index.php?rest_route=%2Fwp%2Fv2%2Fcategories&post=498014"},{"taxonomy":"post_tag","embeddable":true,"href":"https:\/\/diarioavancetabasco.com\/index.php?rest_route=%2Fwp%2Fv2%2Ftags&post=498014"}],"curies":[{"name":"wp","href":"https:\/\/api.w.org\/{rel}","templated":true}]}}