{"id":498042,"date":"2026-04-28T21:24:16","date_gmt":"2026-04-29T02:24:16","guid":{"rendered":"https:\/\/diarioavancetabasco.com\/?p=498042"},"modified":"2026-04-28T21:24:18","modified_gmt":"2026-04-29T02:24:18","slug":"sheinbaum-anuncia-relevo-en-el-gabinete-federal-leticia-ramirez-asumira-nuevo-cargo","status":"publish","type":"post","link":"https:\/\/diarioavancetabasco.com\/?p=498042","title":{"rendered":"Sheinbaum anuncia relevo en el gabinete federal; Leticia Ram\u00edrez asumir\u00e1 nuevo cargo"},"content":{"rendered":"\n<p class=\"has-medium-font-size\"><strong>Redacci\u00f3n \/ AVANCE <\/strong><\/p>\n\n\n\n<p>La presidenta de M\u00e9xico, Claudia Sheinbaum, inform\u00f3 este martes la salida de Montiel Reyes del Gobierno Federal, al se\u00f1alar que la funcionaria \u201cquiere avanzar en otras tareas del movimiento\u201d.<\/p>\n\n\n\n<p>Durante el anuncio, la mandataria confirm\u00f3 que el cargo ser\u00e1 asumido por Leticia Ram\u00edrez, quien se desempe\u00f1\u00f3 como titular de la Secretar\u00eda de Educaci\u00f3n P\u00fablica (SEP) durante el sexenio del expresidente Andr\u00e9s Manuel L\u00f3pez Obrador.<\/p>\n\n\n\n<p>Leticia Ram\u00edrez es originaria de la Ciudad de M\u00e9xico, aunque cuenta con ra\u00edces familiares en el Valle del Mezquital, Hidalgo, y en la Huasteca veracruzana. En entrevista con MILENIO, la funcionaria asegur\u00f3 que ha dedicado gran parte de su vida a la actividad pol\u00edtica y al trabajo dentro del movimiento de transformaci\u00f3n.<\/p>\n\n\n\n<p>El relevo forma parte de los ajustes realizados por la actual administraci\u00f3n federal en distintas \u00e1reas del gabinete y organismos p\u00fablicos.<\/p>\n","protected":false},"excerpt":{"rendered":"<p>Redacci\u00f3n \/ AVANCE La presidenta de M\u00e9xico, Claudia Sheinbaum, inform\u00f3 este martes la salida de Montiel Reyes del Gobierno Federal, al se\u00f1alar que la funcionaria \u201cquiere avanzar en otras tareas del movimiento\u201d. Durante el anuncio, la mandataria confirm\u00f3 que el cargo ser\u00e1 asumido por Leticia Ram\u00edrez, quien se desempe\u00f1\u00f3 como titular de la Secretar\u00eda de [&hellip;]<\/p>\n","protected":false},"author":2,"featured_media":498043,"comment_status":"closed","ping_status":"closed","sticky":false,"template":"","format":"standard","meta":{"footnotes":""},"categories":[15],"tags":[],"class_list":["post-498042","post","type-post","status-publish","format-standard","has-post-thumbnail","hentry","category-feria"],"_links":{"self":[{"href":"https:\/\/diarioavancetabasco.com\/index.php?rest_route=\/wp\/v2\/posts\/498042","targetHints":{"allow":["GET"]}}],"collection":[{"href":"https:\/\/diarioavancetabasco.com\/index.php?rest_route=\/wp\/v2\/posts"}],"about":[{"href":"https:\/\/diarioavancetabasco.com\/index.php?rest_route=\/wp\/v2\/types\/post"}],"author":[{"embeddable":true,"href":"https:\/\/diarioavancetabasco.com\/index.php?rest_route=\/wp\/v2\/users\/2"}],"replies":[{"embeddable":true,"href":"https:\/\/diarioavancetabasco.com\/index.php?rest_route=%2Fwp%2Fv2%2Fcomments&post=498042"}],"version-history":[{"count":1,"href":"https:\/\/diarioavancetabasco.com\/index.php?rest_route=\/wp\/v2\/posts\/498042\/revisions"}],"predecessor-version":[{"id":498044,"href":"https:\/\/diarioavancetabasco.com\/index.php?rest_route=\/wp\/v2\/posts\/498042\/revisions\/498044"}],"wp:featuredmedia":[{"embeddable":true,"href":"https:\/\/diarioavancetabasco.com\/index.php?rest_route=\/wp\/v2\/media\/498043"}],"wp:attachment":[{"href":"https:\/\/diarioavancetabasco.com\/index.php?rest_route=%2Fwp%2Fv2%2Fmedia&parent=498042"}],"wp:term":[{"taxonomy":"category","embeddable":true,"href":"https:\/\/diarioavancetabasco.com\/index.php?rest_route=%2Fwp%2Fv2%2Fcategories&post=498042"},{"taxonomy":"post_tag","embeddable":true,"href":"https:\/\/diarioavancetabasco.com\/index.php?rest_route=%2Fwp%2Fv2%2Ftags&post=498042"}],"curies":[{"name":"wp","href":"https:\/\/api.w.org\/{rel}","templated":true}]}}