{"id":498062,"date":"2026-04-28T22:08:32","date_gmt":"2026-04-29T03:08:32","guid":{"rendered":"https:\/\/diarioavancetabasco.com\/?p=498062"},"modified":"2026-04-28T22:08:33","modified_gmt":"2026-04-29T03:08:33","slug":"gobierno-de-tabasco-impulsa-uso-de-transporte-publico-para-agilizar-acceso-a-la-feria-tabasco","status":"publish","type":"post","link":"https:\/\/diarioavancetabasco.com\/?p=498062","title":{"rendered":"Gobierno de Tabasco impulsa uso de transporte p\u00fablico para agilizar acceso a la Feria Tabasco"},"content":{"rendered":"\n<p class=\"has-medium-font-size\"><strong>ABISAC MARQUEZ<\/strong><\/p>\n\n\n\n<p>Con el objetivo de evitar congestionamientos durante la Feria Tabasco, el gobernador Javier May Rodr\u00edguez exhort\u00f3 a la poblaci\u00f3n a utilizar el transporte p\u00fablico para acudir al Parque Tabasco \u201cDora Mar\u00eda\u201d.<\/p>\n\n\n\n<p>Durante una conferencia, el mandatario estatal explic\u00f3 que se implementar\u00e1 un operativo especial para garantizar el flujo ordenado de unidades, facilitando el acceso de los visitantes al recinto ferial.<\/p>\n\n\n\n<p>Indic\u00f3 que el traslado ser\u00e1 m\u00e1s \u00e1gil mediante el uso de cinco Centrales de Transferencia, desde donde se podr\u00e1 llegar de manera r\u00e1pida al parque. Asimismo, se supervisar\u00e1 que el ascenso y descenso de pasajeros se realice en el punto conocido como \u201cLa Herradura\u201d, ubicado cerca de la entrada principal.<\/p>\n\n\n\n<p>El gobernador tambi\u00e9n advirti\u00f3 que habr\u00e1 sanciones econ\u00f3micas para los transportistas que incumplan con las tarifas establecidas durante la feria, con multas que podr\u00edan ir de los 6 mil a los 11 mil pesos. En ese sentido, invit\u00f3 a la ciudadan\u00eda a denunciar cualquier irregularidad.<\/p>\n\n\n\n<p>Finalmente, record\u00f3 que todas las actividades de la Feria Tabasco ser\u00e1n gratuitas, con el fin de garantizar el acceso a toda la poblaci\u00f3n.<\/p>\n","protected":false},"excerpt":{"rendered":"<p>ABISAC MARQUEZ Con el objetivo de evitar congestionamientos durante la Feria Tabasco, el gobernador Javier May Rodr\u00edguez exhort\u00f3 a la poblaci\u00f3n a utilizar el transporte p\u00fablico para acudir al Parque Tabasco \u201cDora Mar\u00eda\u201d. Durante una conferencia, el mandatario estatal explic\u00f3 que se implementar\u00e1 un operativo especial para garantizar el flujo ordenado de unidades, facilitando el [&hellip;]<\/p>\n","protected":false},"author":2,"featured_media":498063,"comment_status":"closed","ping_status":"closed","sticky":false,"template":"","format":"standard","meta":{"footnotes":""},"categories":[57],"tags":[],"class_list":["post-498062","post","type-post","status-publish","format-standard","has-post-thumbnail","hentry","category-local"],"_links":{"self":[{"href":"https:\/\/diarioavancetabasco.com\/index.php?rest_route=\/wp\/v2\/posts\/498062","targetHints":{"allow":["GET"]}}],"collection":[{"href":"https:\/\/diarioavancetabasco.com\/index.php?rest_route=\/wp\/v2\/posts"}],"about":[{"href":"https:\/\/diarioavancetabasco.com\/index.php?rest_route=\/wp\/v2\/types\/post"}],"author":[{"embeddable":true,"href":"https:\/\/diarioavancetabasco.com\/index.php?rest_route=\/wp\/v2\/users\/2"}],"replies":[{"embeddable":true,"href":"https:\/\/diarioavancetabasco.com\/index.php?rest_route=%2Fwp%2Fv2%2Fcomments&post=498062"}],"version-history":[{"count":1,"href":"https:\/\/diarioavancetabasco.com\/index.php?rest_route=\/wp\/v2\/posts\/498062\/revisions"}],"predecessor-version":[{"id":498064,"href":"https:\/\/diarioavancetabasco.com\/index.php?rest_route=\/wp\/v2\/posts\/498062\/revisions\/498064"}],"wp:featuredmedia":[{"embeddable":true,"href":"https:\/\/diarioavancetabasco.com\/index.php?rest_route=\/wp\/v2\/media\/498063"}],"wp:attachment":[{"href":"https:\/\/diarioavancetabasco.com\/index.php?rest_route=%2Fwp%2Fv2%2Fmedia&parent=498062"}],"wp:term":[{"taxonomy":"category","embeddable":true,"href":"https:\/\/diarioavancetabasco.com\/index.php?rest_route=%2Fwp%2Fv2%2Fcategories&post=498062"},{"taxonomy":"post_tag","embeddable":true,"href":"https:\/\/diarioavancetabasco.com\/index.php?rest_route=%2Fwp%2Fv2%2Ftags&post=498062"}],"curies":[{"name":"wp","href":"https:\/\/api.w.org\/{rel}","templated":true}]}}