{"id":498079,"date":"2026-04-28T22:28:22","date_gmt":"2026-04-29T03:28:22","guid":{"rendered":"https:\/\/diarioavancetabasco.com\/?p=498079"},"modified":"2026-04-28T22:33:41","modified_gmt":"2026-04-29T03:33:41","slug":"arranca-la-feria-tabasco-2026-con-operativo-de-seguridad-y-ambiente-festivo-en-el-parque-dora-maria","status":"publish","type":"post","link":"https:\/\/diarioavancetabasco.com\/?p=498079","title":{"rendered":"Arranca la Feria Tabasco 2026 con operativo de seguridad y ambiente festivo en el Parque Dora Mar\u00eda"},"content":{"rendered":"\n<p class=\"has-medium-font-size\"><strong>ABISAC  MARQUEZ<\/strong><\/p>\n\n\n\n<p>El gobernador de Tabasco, Javier May Rodr\u00edguez, anunci\u00f3 que ya se encuentra preparado el operativo de seguridad para la Feria Tabasco 2026, con el objetivo de garantizar la tranquilidad de los asistentes durante el desarrollo de la m\u00e1xima fiesta del estado.<\/p>\n\n\n\n<p>La inauguraci\u00f3n est\u00e1 programada para este viernes 1 de mayo a las 16:00 horas en el Parque Tabasco \u201cDora Mar\u00eda\u201d, donde tambi\u00e9n se dar\u00e1 inicio a la tradicional Pista Ganadera.<\/p>\n\n\n\n<p>El mandatario estatal destac\u00f3 que las autoridades de los tres niveles de gobierno trabajar\u00e1n de manera coordinada para resguardar el recinto ferial y sus alrededores, asegurando condiciones de orden durante todas las actividades.<\/p>\n\n\n\n<p>Asimismo, resalt\u00f3 la participaci\u00f3n de m\u00e1s de un mill\u00f3n de personas en el reciente desfile de Carros Aleg\u00f3ricos, el cual se desarroll\u00f3 con saldo blanco y sin incidentes.<\/p>\n\n\n\n<p>\u201cEstamos listos con los operativos, ya tenemos garantizada la seguridad y todo el equipo de gobierno preparado para recibir la alegr\u00eda del pueblo tabasque\u00f1o\u201d, se\u00f1al\u00f3.<\/p>\n\n\n\n<p>Como parte de las actividades previas a la feria, el gobernador adelant\u00f3 que este mi\u00e9rcoles 29 de abril acudir\u00e1 a la develaci\u00f3n del retrato de la Flor de Oro 2025, evento que forma parte del cierre de la etapa de preferia.<\/p>\n","protected":false},"excerpt":{"rendered":"<p>ABISAC MARQUEZ El gobernador de Tabasco, Javier May Rodr\u00edguez, anunci\u00f3 que ya se encuentra preparado el operativo de seguridad para la Feria Tabasco 2026, con el objetivo de garantizar la tranquilidad de los asistentes durante el desarrollo de la m\u00e1xima fiesta del estado. La inauguraci\u00f3n est\u00e1 programada para este viernes 1 de mayo a las [&hellip;]<\/p>\n","protected":false},"author":2,"featured_media":498080,"comment_status":"closed","ping_status":"closed","sticky":false,"template":"","format":"standard","meta":{"footnotes":""},"categories":[15],"tags":[],"class_list":["post-498079","post","type-post","status-publish","format-standard","has-post-thumbnail","hentry","category-feria"],"_links":{"self":[{"href":"https:\/\/diarioavancetabasco.com\/index.php?rest_route=\/wp\/v2\/posts\/498079","targetHints":{"allow":["GET"]}}],"collection":[{"href":"https:\/\/diarioavancetabasco.com\/index.php?rest_route=\/wp\/v2\/posts"}],"about":[{"href":"https:\/\/diarioavancetabasco.com\/index.php?rest_route=\/wp\/v2\/types\/post"}],"author":[{"embeddable":true,"href":"https:\/\/diarioavancetabasco.com\/index.php?rest_route=\/wp\/v2\/users\/2"}],"replies":[{"embeddable":true,"href":"https:\/\/diarioavancetabasco.com\/index.php?rest_route=%2Fwp%2Fv2%2Fcomments&post=498079"}],"version-history":[{"count":1,"href":"https:\/\/diarioavancetabasco.com\/index.php?rest_route=\/wp\/v2\/posts\/498079\/revisions"}],"predecessor-version":[{"id":498081,"href":"https:\/\/diarioavancetabasco.com\/index.php?rest_route=\/wp\/v2\/posts\/498079\/revisions\/498081"}],"wp:featuredmedia":[{"embeddable":true,"href":"https:\/\/diarioavancetabasco.com\/index.php?rest_route=\/wp\/v2\/media\/498080"}],"wp:attachment":[{"href":"https:\/\/diarioavancetabasco.com\/index.php?rest_route=%2Fwp%2Fv2%2Fmedia&parent=498079"}],"wp:term":[{"taxonomy":"category","embeddable":true,"href":"https:\/\/diarioavancetabasco.com\/index.php?rest_route=%2Fwp%2Fv2%2Fcategories&post=498079"},{"taxonomy":"post_tag","embeddable":true,"href":"https:\/\/diarioavancetabasco.com\/index.php?rest_route=%2Fwp%2Fv2%2Ftags&post=498079"}],"curies":[{"name":"wp","href":"https:\/\/api.w.org\/{rel}","templated":true}]}}